{"id":23427,"date":"2025-08-01T18:14:09","date_gmt":"2025-08-02T00:14:09","guid":{"rendered":"https:\/\/zonalimitrofe-cbnr.com\/?p=23427"},"modified":"2025-08-01T18:14:10","modified_gmt":"2025-08-02T00:14:10","slug":"gp-instituto-municipal-de-la-juventud-ofrece-clases-de-regularizacion-en-el-ejido-la-esmeralda","status":"publish","type":"post","link":"https:\/\/zonalimitrofe-cbnr.com\/index.php\/2025\/08\/01\/gp-instituto-municipal-de-la-juventud-ofrece-clases-de-regularizacion-en-el-ejido-la-esmeralda\/","title":{"rendered":"#GP. Instituto Municipal de la Juventud ofrece clases de regularizaci\u00f3n en el Ejido La Esmeralda*"},"content":{"rendered":"\n<p>El Ayuntamiento de G\u00f3mez Palacio, a trav\u00e9s del Instituto Municipal de la Juventud (IMJ), invita a madres, padres y tutores a aprovechar el programa gratuito de clases de regularizaci\u00f3n escolar, dirigido a ni\u00f1as, ni\u00f1os y j\u00f3venes a partir de los 6 a\u00f1os de edad, como parte de las acciones para fortalecer la educaci\u00f3n durante el receso escolar.<\/p>\n\n\n\n<p>Las clases se impartir\u00e1n del 4 al 15 de agosto, en un horario de lunes a viernes de 5:00 a 7:00 de la tarde, en las instalaciones del Centro Poder Joven del Ejido La Esmeralda.<\/p>\n\n\n\n<p>Sof\u00eda Carriedo Garc\u00eda, titular del IMJ, se\u00f1al\u00f3 que esta iniciativa, impulsada por la Presidenta Municipal Leticia Herrera Ale, tiene como prop\u00f3sito reforzar los conocimientos de los menores antes del regreso a clases, brind\u00e1ndoles apoyo en materias clave y fomentando h\u00e1bitos de estudio en un ambiente amigable y motivador.<\/p>\n\n\n\n<p>Se invita a las familias del sector a inscribir con anticipaci\u00f3n a sus hijas e hijos y aprovechar esta oportunidad de preparaci\u00f3n acad\u00e9mica. Para mayores informes, pueden acudir directamente al Centro Poder Joven o comunicarse a trav\u00e9s de las redes sociales oficiales del Instituto Municipal de la Juventud.<\/p>\n\n\n\n<p>Finalmente, Carriedo Garc\u00eda destac\u00f3 que el centro cuenta con el material y equipo necesario para brindar el servicio de regularizaci\u00f3n de manera adecuada a todas y todos los participantes.<\/p>\n","protected":false},"excerpt":{"rendered":"<p>El Ayuntamiento de G\u00f3mez Palacio, a trav\u00e9s del Instituto Municipal de la Juventud (IMJ), invita a madres, padres y tutores a aprovechar el programa gratuito de clases de regularizaci\u00f3n escolar, dirigido a ni\u00f1as, ni\u00f1os y j\u00f3venes a partir de los 6 a\u00f1os de edad, como parte de las acciones para fortalecer la educaci\u00f3n durante el [&hellip;]<\/p>\n","protected":false},"author":1,"featured_media":23428,"comment_status":"open","ping_status":"open","sticky":false,"template":"","format":"standard","meta":{"_monsterinsights_skip_tracking":false,"_monsterinsights_sitenote_active":false,"_monsterinsights_sitenote_note":"","_monsterinsights_sitenote_category":0,"footnotes":""},"categories":[1],"tags":[],"_links":{"self":[{"href":"https:\/\/zonalimitrofe-cbnr.com\/index.php\/wp-json\/wp\/v2\/posts\/23427"}],"collection":[{"href":"https:\/\/zonalimitrofe-cbnr.com\/index.php\/wp-json\/wp\/v2\/posts"}],"about":[{"href":"https:\/\/zonalimitrofe-cbnr.com\/index.php\/wp-json\/wp\/v2\/types\/post"}],"author":[{"embeddable":true,"href":"https:\/\/zonalimitrofe-cbnr.com\/index.php\/wp-json\/wp\/v2\/users\/1"}],"replies":[{"embeddable":true,"href":"https:\/\/zonalimitrofe-cbnr.com\/index.php\/wp-json\/wp\/v2\/comments?post=23427"}],"version-history":[{"count":1,"href":"https:\/\/zonalimitrofe-cbnr.com\/index.php\/wp-json\/wp\/v2\/posts\/23427\/revisions"}],"predecessor-version":[{"id":23429,"href":"https:\/\/zonalimitrofe-cbnr.com\/index.php\/wp-json\/wp\/v2\/posts\/23427\/revisions\/23429"}],"wp:featuredmedia":[{"embeddable":true,"href":"https:\/\/zonalimitrofe-cbnr.com\/index.php\/wp-json\/wp\/v2\/media\/23428"}],"wp:attachment":[{"href":"https:\/\/zonalimitrofe-cbnr.com\/index.php\/wp-json\/wp\/v2\/media?parent=23427"}],"wp:term":[{"taxonomy":"category","embeddable":true,"href":"https:\/\/zonalimitrofe-cbnr.com\/index.php\/wp-json\/wp\/v2\/categories?post=23427"},{"taxonomy":"post_tag","embeddable":true,"href":"https:\/\/zonalimitrofe-cbnr.com\/index.php\/wp-json\/wp\/v2\/tags?post=23427"}],"curies":[{"name":"wp","href":"https:\/\/api.w.org\/{rel}","templated":true}]}}