{"id":23417,"date":"2025-08-01T18:04:00","date_gmt":"2025-08-02T00:04:00","guid":{"rendered":"https:\/\/zonalimitrofe-cbnr.com\/?p=23417"},"modified":"2025-08-01T18:04:00","modified_gmt":"2025-08-02T00:04:00","slug":"lerdo-concluyen-con-exito-cursos-de-verano-en-bibliotecas-de-lerdo","status":"publish","type":"post","link":"https:\/\/zonalimitrofe-cbnr.com\/index.php\/2025\/08\/01\/lerdo-concluyen-con-exito-cursos-de-verano-en-bibliotecas-de-lerdo\/","title":{"rendered":"#Lerdo. CONCLUYEN CON \u00c9XITO CURSOS DE VERANO EN BIBLIOTECAS DE LERDO*"},"content":{"rendered":"\n<p>Lerdo, 01 de agosto 2025.- La Coordinadora de Bibliotecas P\u00fablicas Municipales, Yuri Edith Ch\u00e1vez Torres, celebr\u00f3 que medio millar de ni\u00f1as y ni\u00f1os participaran en los cursos impartidos en las 11 bibliotecas de Lerdo, durante las dos semanas del periodo vacacional.<\/p>\n\n\n\n<p>Del 21 de julio al 01 de agosto, las bibliotecas de Juan E. Garc\u00eda, La Loma, Nazareno, Le\u00f3n Guzm\u00e1n, \u00c1lvaro Obreg\u00f3n, Seis de Enero, Picard\u00edas, Ciudad Ju\u00e1rez, C\u00e9sar G. Meraz, San Isidro, y la Biblioteca P\u00fablica Municipal Modelo \u201cBenito Ju\u00e1rez\u201d del centro de Ciudad Lerdo, abrieron sus puertas promover la lectura y actividades para el desarrollo infantil a trav\u00e9s del curso \u201cMis Vacaciones en la Biblioteca 2025\u201d.<\/p>\n\n\n\n<p>Ni\u00f1as y ni\u00f1os desde los 9 hasta los 12 a\u00f1os de edad, tuvieron la oportunidad de convivir en un ambiente sano, y realizar m\u00faltiples actividades recreativas y educativas para estimular su creatividad, imaginaci\u00f3n, motricidad fina y la resoluci\u00f3n de problemas.<\/p>\n\n\n\n<p>Desde jugar con las palabras y los conceptos hasta descubrir nuevas formas de contar historias, cada una de las actividades estaba dise\u00f1ada met\u00f3dicamente para dejar ense\u00f1anzas significativas, poniendo en pr\u00e1ctica los valores como el respeto, la empat\u00eda, solidaridad, responsabilidad, la colaboraci\u00f3n y ayudando a los ni\u00f1os a desarrollar habilidades, socializar, y mantener su mente activa durante el receso escolar.<\/p>\n\n\n\n<p>Yuri Edith Ch\u00e1vez, agradeci\u00f3 la confianza de las madres y padres de familia, reconoci\u00f3 el esfuerzo de las y los bibliotecarios y celebr\u00f3 las acciones del Presidente Municipal, el Dr. Homero Mart\u00ednez Cabrera, quien les instruy\u00f3 y facilit\u00f3 todo el material para hacer posible la realizaci\u00f3n de estos talleres.<\/p>\n\n\n\n<p>Cabe recordar que a partir del lunes 04 de agosto, las bibliotecas municipales abrir\u00e1n sus puertas al p\u00fablico en general en un horario de 8:00 de la ma\u00f1ana a 4:00 de la tarde.<\/p>\n","protected":false},"excerpt":{"rendered":"<p>Lerdo, 01 de agosto 2025.- La Coordinadora de Bibliotecas P\u00fablicas Municipales, Yuri Edith Ch\u00e1vez Torres, celebr\u00f3 que medio millar de ni\u00f1as y ni\u00f1os participaran en los cursos impartidos en las 11 bibliotecas de Lerdo, durante las dos semanas del periodo vacacional. Del 21 de julio al 01 de agosto, las bibliotecas de Juan E. Garc\u00eda, [&hellip;]<\/p>\n","protected":false},"author":1,"featured_media":23418,"comment_status":"open","ping_status":"open","sticky":false,"template":"","format":"standard","meta":{"_monsterinsights_skip_tracking":false,"_monsterinsights_sitenote_active":false,"_monsterinsights_sitenote_note":"","_monsterinsights_sitenote_category":0,"footnotes":""},"categories":[1],"tags":[],"_links":{"self":[{"href":"https:\/\/zonalimitrofe-cbnr.com\/index.php\/wp-json\/wp\/v2\/posts\/23417"}],"collection":[{"href":"https:\/\/zonalimitrofe-cbnr.com\/index.php\/wp-json\/wp\/v2\/posts"}],"about":[{"href":"https:\/\/zonalimitrofe-cbnr.com\/index.php\/wp-json\/wp\/v2\/types\/post"}],"author":[{"embeddable":true,"href":"https:\/\/zonalimitrofe-cbnr.com\/index.php\/wp-json\/wp\/v2\/users\/1"}],"replies":[{"embeddable":true,"href":"https:\/\/zonalimitrofe-cbnr.com\/index.php\/wp-json\/wp\/v2\/comments?post=23417"}],"version-history":[{"count":1,"href":"https:\/\/zonalimitrofe-cbnr.com\/index.php\/wp-json\/wp\/v2\/posts\/23417\/revisions"}],"predecessor-version":[{"id":23419,"href":"https:\/\/zonalimitrofe-cbnr.com\/index.php\/wp-json\/wp\/v2\/posts\/23417\/revisions\/23419"}],"wp:featuredmedia":[{"embeddable":true,"href":"https:\/\/zonalimitrofe-cbnr.com\/index.php\/wp-json\/wp\/v2\/media\/23418"}],"wp:attachment":[{"href":"https:\/\/zonalimitrofe-cbnr.com\/index.php\/wp-json\/wp\/v2\/media?parent=23417"}],"wp:term":[{"taxonomy":"category","embeddable":true,"href":"https:\/\/zonalimitrofe-cbnr.com\/index.php\/wp-json\/wp\/v2\/categories?post=23417"},{"taxonomy":"post_tag","embeddable":true,"href":"https:\/\/zonalimitrofe-cbnr.com\/index.php\/wp-json\/wp\/v2\/tags?post=23417"}],"curies":[{"name":"wp","href":"https:\/\/api.w.org\/{rel}","templated":true}]}}