{"id":23365,"date":"2025-07-31T13:33:48","date_gmt":"2025-07-31T19:33:48","guid":{"rendered":"https:\/\/zonalimitrofe-cbnr.com\/?p=23365"},"modified":"2025-07-31T13:33:48","modified_gmt":"2025-07-31T19:33:48","slug":"gp-ninas-ninos-y-jovenes-con-discapacidad-de-gomez-palacio-destacan-en-torneos-deportivos-gracias-a-una-politica-incluyente","status":"publish","type":"post","link":"https:\/\/zonalimitrofe-cbnr.com\/index.php\/2025\/07\/31\/gp-ninas-ninos-y-jovenes-con-discapacidad-de-gomez-palacio-destacan-en-torneos-deportivos-gracias-a-una-politica-incluyente\/","title":{"rendered":"#GP. Ni\u00f1as, ni\u00f1os y j\u00f3venes con discapacidad de G\u00f3mez Palacio destacan en torneos deportivos gracias a una pol\u00edtica incluyente*"},"content":{"rendered":"\n<p>El Ayuntamiento de G\u00f3mez Palacio, a trav\u00e9s del Sistema para el Desarrollo Integral de la Familia (DIF), celebra con orgullo los logros obtenidos por los equipos deportivos integrados por ni\u00f1as, ni\u00f1os y j\u00f3venes con discapacidad, quienes han representado con dignidad al municipio en competencias regionales.<\/p>\n\n\n\n<p>Brenda Calder\u00f3n Carrete, directora del DIF Municipal, inform\u00f3 que el equipo \u201cLobos\u201d represent\u00f3 a la selecci\u00f3n de Argentina en la Copa Mundialito organizada por la Liga Formativa de La Laguna, alz\u00e1ndose como campe\u00f3n tras vencer 1-0 en la final, con una destacada participaci\u00f3n que incluy\u00f3 30 goles a favor. Este triunfo se logr\u00f3 en la categor\u00eda especial para j\u00f3venes con discapacidad intelectual, en la que compitieron m\u00e1s de 250 equipos.<\/p>\n\n\n\n<p>La funcionaria subray\u00f3 que, gracias a la visi\u00f3n incluyente y al compromiso con los sectores m\u00e1s vulnerables de la Presidenta Municipal Leticia Herrera Ale, se ha promovido el acceso al deporte como herramienta de desarrollo e integraci\u00f3n social. Durante el presente a\u00f1o, el equipo Lobos DIF tambi\u00e9n obtuvo importantes resultados en torneos como la Copa Santos Pe\u00f1oles.<\/p>\n\n\n\n<p>Calder\u00f3n Carrete record\u00f3 que, por instrucci\u00f3n de la alcaldesa, a lo largo de los tres a\u00f1os de gobierno se ha trabajado activamente en la creaci\u00f3n de espacios deportivos inclusivos, incorporando a ni\u00f1as y ni\u00f1os con S\u00edndrome de Down a los equipos representativos del DIF.<\/p>\n\n\n\n<p>Finalmente, agradeci\u00f3 el respaldo incondicional de madres, padres y tutores, quienes han sido pieza clave en cada triunfo. \u201cEste logro no solo enaltece a G\u00f3mez Palacio, sino que tambi\u00e9n fortalece el mensaje de que la inclusi\u00f3n se juega\u2026 y se gana\u201d, concluy\u00f3.<\/p>\n","protected":false},"excerpt":{"rendered":"<p>El Ayuntamiento de G\u00f3mez Palacio, a trav\u00e9s del Sistema para el Desarrollo Integral de la Familia (DIF), celebra con orgullo los logros obtenidos por los equipos deportivos integrados por ni\u00f1as, ni\u00f1os y j\u00f3venes con discapacidad, quienes han representado con dignidad al municipio en competencias regionales. Brenda Calder\u00f3n Carrete, directora del DIF Municipal, inform\u00f3 que el [&hellip;]<\/p>\n","protected":false},"author":1,"featured_media":23366,"comment_status":"open","ping_status":"open","sticky":false,"template":"","format":"standard","meta":{"_monsterinsights_skip_tracking":false,"_monsterinsights_sitenote_active":false,"_monsterinsights_sitenote_note":"","_monsterinsights_sitenote_category":0,"footnotes":""},"categories":[1],"tags":[],"_links":{"self":[{"href":"https:\/\/zonalimitrofe-cbnr.com\/index.php\/wp-json\/wp\/v2\/posts\/23365"}],"collection":[{"href":"https:\/\/zonalimitrofe-cbnr.com\/index.php\/wp-json\/wp\/v2\/posts"}],"about":[{"href":"https:\/\/zonalimitrofe-cbnr.com\/index.php\/wp-json\/wp\/v2\/types\/post"}],"author":[{"embeddable":true,"href":"https:\/\/zonalimitrofe-cbnr.com\/index.php\/wp-json\/wp\/v2\/users\/1"}],"replies":[{"embeddable":true,"href":"https:\/\/zonalimitrofe-cbnr.com\/index.php\/wp-json\/wp\/v2\/comments?post=23365"}],"version-history":[{"count":1,"href":"https:\/\/zonalimitrofe-cbnr.com\/index.php\/wp-json\/wp\/v2\/posts\/23365\/revisions"}],"predecessor-version":[{"id":23367,"href":"https:\/\/zonalimitrofe-cbnr.com\/index.php\/wp-json\/wp\/v2\/posts\/23365\/revisions\/23367"}],"wp:featuredmedia":[{"embeddable":true,"href":"https:\/\/zonalimitrofe-cbnr.com\/index.php\/wp-json\/wp\/v2\/media\/23366"}],"wp:attachment":[{"href":"https:\/\/zonalimitrofe-cbnr.com\/index.php\/wp-json\/wp\/v2\/media?parent=23365"}],"wp:term":[{"taxonomy":"category","embeddable":true,"href":"https:\/\/zonalimitrofe-cbnr.com\/index.php\/wp-json\/wp\/v2\/categories?post=23365"},{"taxonomy":"post_tag","embeddable":true,"href":"https:\/\/zonalimitrofe-cbnr.com\/index.php\/wp-json\/wp\/v2\/tags?post=23365"}],"curies":[{"name":"wp","href":"https:\/\/api.w.org\/{rel}","templated":true}]}}