{"id":23362,"date":"2025-07-31T13:29:44","date_gmt":"2025-07-31T19:29:44","guid":{"rendered":"https:\/\/zonalimitrofe-cbnr.com\/?p=23362"},"modified":"2025-07-31T13:29:45","modified_gmt":"2025-07-31T19:29:45","slug":"lerdo-libera-tu-cartilla-del-servicio-militar-en-3-meses","status":"publish","type":"post","link":"https:\/\/zonalimitrofe-cbnr.com\/index.php\/2025\/07\/31\/lerdo-libera-tu-cartilla-del-servicio-militar-en-3-meses\/","title":{"rendered":"#Lerdo. LIBERA TU CARTILLA DEL SERVICIO MILITAR EN 3 MESES*"},"content":{"rendered":"\n<p>Lerdo, 31 de julio 2025.- Por conducto de la Secretar\u00eda de Defensa Nacional y el 72\/o Batall\u00f3n de Infanter\u00eda, el Gobierno Municipal de Lerdo informa que el 3\/er Escal\u00f3n de Adiestramiento del Servicio Militar Nacional en su modalidad de Encuadrado, iniciar\u00e1 el 22 de septiembre del presente a\u00f1o, por lo que los interesados deber\u00e1n comunicarse a los tel\u00e9fonos 744 374 8281, 871 959 5471 y 814 382 1647.<\/p>\n\n\n\n<p>Dentro de los beneficios, est\u00e1 la liberaci\u00f3n de la Cartilla en tres meses, credencial plastificada, certificado de estudio en \u201cProtecci\u00f3n Civil\u201d, expedido por el CONAPRED, vestuario y equipo, alojamiento, armamento, alimentaci\u00f3n, servicio m\u00e9dico, percepci\u00f3n creativa estudiantil semanal, y amplia bolsa de trabajo una vez egresado.<\/p>\n\n\n\n<p>Para ello, es importante cumplir con los siguientes requisitos; cartilla del S.M.N expedida en cualquier a\u00f1o, acta de nacimiento, certificado de estudios, CURP en formato actual, comprobante de domicilio reciente, credencial de elector, acta de antecedentes no penales (no mayor a un mes).<\/p>\n\n\n\n<p>El 3\/er Escal\u00f3n de Adiestramiento del Servicio Militar Nacional se realizar\u00e1 del 22 de septiembre al 12 de diciembre del 2025 en las instalaciones de la 3\/a Compa\u00f1\u00eda del Servicio Militar Nacional en Cinco de Mayo, Durango. \u200e&lt;Se edit\u00f3 este mensaje.&gt;<\/p>\n","protected":false},"excerpt":{"rendered":"<p>Lerdo, 31 de julio 2025.- Por conducto de la Secretar\u00eda de Defensa Nacional y el 72\/o Batall\u00f3n de Infanter\u00eda, el Gobierno Municipal de Lerdo informa que el 3\/er Escal\u00f3n de Adiestramiento del Servicio Militar Nacional en su modalidad de Encuadrado, iniciar\u00e1 el 22 de septiembre del presente a\u00f1o, por lo que los interesados deber\u00e1n comunicarse [&hellip;]<\/p>\n","protected":false},"author":1,"featured_media":23363,"comment_status":"open","ping_status":"open","sticky":false,"template":"","format":"standard","meta":{"_monsterinsights_skip_tracking":false,"_monsterinsights_sitenote_active":false,"_monsterinsights_sitenote_note":"","_monsterinsights_sitenote_category":0,"footnotes":""},"categories":[1],"tags":[],"_links":{"self":[{"href":"https:\/\/zonalimitrofe-cbnr.com\/index.php\/wp-json\/wp\/v2\/posts\/23362"}],"collection":[{"href":"https:\/\/zonalimitrofe-cbnr.com\/index.php\/wp-json\/wp\/v2\/posts"}],"about":[{"href":"https:\/\/zonalimitrofe-cbnr.com\/index.php\/wp-json\/wp\/v2\/types\/post"}],"author":[{"embeddable":true,"href":"https:\/\/zonalimitrofe-cbnr.com\/index.php\/wp-json\/wp\/v2\/users\/1"}],"replies":[{"embeddable":true,"href":"https:\/\/zonalimitrofe-cbnr.com\/index.php\/wp-json\/wp\/v2\/comments?post=23362"}],"version-history":[{"count":1,"href":"https:\/\/zonalimitrofe-cbnr.com\/index.php\/wp-json\/wp\/v2\/posts\/23362\/revisions"}],"predecessor-version":[{"id":23364,"href":"https:\/\/zonalimitrofe-cbnr.com\/index.php\/wp-json\/wp\/v2\/posts\/23362\/revisions\/23364"}],"wp:featuredmedia":[{"embeddable":true,"href":"https:\/\/zonalimitrofe-cbnr.com\/index.php\/wp-json\/wp\/v2\/media\/23363"}],"wp:attachment":[{"href":"https:\/\/zonalimitrofe-cbnr.com\/index.php\/wp-json\/wp\/v2\/media?parent=23362"}],"wp:term":[{"taxonomy":"category","embeddable":true,"href":"https:\/\/zonalimitrofe-cbnr.com\/index.php\/wp-json\/wp\/v2\/categories?post=23362"},{"taxonomy":"post_tag","embeddable":true,"href":"https:\/\/zonalimitrofe-cbnr.com\/index.php\/wp-json\/wp\/v2\/tags?post=23362"}],"curies":[{"name":"wp","href":"https:\/\/api.w.org\/{rel}","templated":true}]}}