{"id":23356,"date":"2025-07-31T13:18:52","date_gmt":"2025-07-31T19:18:52","guid":{"rendered":"https:\/\/zonalimitrofe-cbnr.com\/?p=23356"},"modified":"2025-07-31T13:34:46","modified_gmt":"2025-07-31T19:34:46","slug":"torreon-julio-negro","status":"publish","type":"post","link":"https:\/\/zonalimitrofe-cbnr.com\/index.php\/2025\/07\/31\/torreon-julio-negro\/","title":{"rendered":"#Torre\u00f3n. Julio Negro"},"content":{"rendered":"\n<p>Desde que lleg\u00f3 al poder, Morena, partido que cre\u00f3, Andr\u00e9s Manuel L\u00f3pez Obrador, no hab\u00eda registrado un momento \u00e1lgidamente negro como el del mes de julio del \u201825. En los primeros quince d\u00edas lleg\u00f3 la fractura, -aunque Javier Mai Rodr\u00edguez, gobernador de Tabasco, al inicio de su gobierno, en&nbsp;&nbsp;el mes de octubre del \u201824 ya lo se\u00f1alaba, y sin matices lo inquir\u00eda-, el ej\u00e9rcito en voz del general Miguel \u00c1ngel L\u00f3pez Mart\u00ednez, jefe de la 30 zona militar en el otrora ed\u00e9n, comunicar\u00eda sobre la orden de aprehensi\u00f3n que desde el mes de febrero fuera girada en contra del hombre de confianza de Ad\u00e1n Augusto L\u00f3pez, Hern\u00e1n Berm\u00fadez, ex secretario de seguridad y vinculado como jefe del grupo criminal, La Barredora, -barriendo con todo Moreno en el camino- operando desde el estado de la Rep\u00fablica que vi\u00f3 nacer al l\u00edder \u00bfmoral? del \u00eddem, generando suspicacias e hip\u00f3tesis nada descabelladas de que el ex gobernador de Tabasco, ex secretario de gobernaci\u00f3n, y hasta hoy todav\u00eda coordinador de los senadores morenistas y brother del iluminado, Ad\u00e1n Augusto L\u00f3pez Hern\u00e1ndez, es quien aval\u00f3 conductas criminales de su subalterno y posible testaferro, el \u201cComandante H\u201d, Hern\u00e0n Berm\u00fadez Requena. El verdadero hermano de sangre del expresidente, AMLO, Jos\u00e9 Ramiro L\u00f3pez Obrador, \u201cPep\u00edn\u201d,&nbsp;&nbsp;hoy secretario de gobierno de Tabasco, se decant\u00f3 por las instituciones y no por su carnal al se\u00f1alar que \u201ctoda la pudrici\u00f3n est\u00e1 saliendo\u201d. Tufo que desde temprano, en la segunda mitad de su per\u00edodo sexenal, todos los subsiguientes d\u00edas que dur\u00f3 el gobierno del Peje, debi\u00f3 impregnar Palacio, y a todos en derredor de la mesa de seguridad.&nbsp;<\/p>\n\n\n\n<p><strong>trick or treat<\/strong><\/p>\n\n\n\n<p>Este mismo sujeto, Ad\u00e1n Augusto, cuestionaba y suger\u00eda que el expresidente de M\u00e9xico, Felipe Calder\u00f3n, sab\u00eda y avalaba las acciones perversas de Garc\u00eda Luna\u2026 lo que en menos de lo que canta un gallo se le revir\u00f3 cual vertiginoso boomerang en la cara. \u00bfC\u00f3mplice o Pendejo? sentenciaban, invariablemente, todos los morenistas; ahora \u00bfqu\u00e9 van a hacer? \u00bfC\u00f3mo le van a hacer? pues ahora tienen en su propia casa a los demonios de la perversidad\u2026 tienen en casa lo que tanto criticaron. Adi\u00f3s narrativa.&nbsp;<\/p>\n\n\n\n<p>PERIPLO<\/p>\n\n\n\n<p>Todav\u00eda no termina su primer a\u00f1o de gobierno la presidente, Claudia Sheinbaum, y, en la segunda quincena de julio, el discurso se vino abajo, la est\u00e9ril narrativa del \u201cNo somos iguales\u201d cay\u00f3 desde Tokio, Jap\u00f3n; pasando por Madrid y Sevilla, Espa\u00f1a; Lisboa, Portugal y Londres, Inglaterra; y pa la raza lagunera y coahuilense, tambi\u00e9n por Mosc\u00fa, Rusia; donde el atolondrado y despistado diputado, Attolini con el dedini, asegur\u00f3 que fue a la \u201cMadre Patria\u201d por temas acad\u00e9micos,&nbsp;&nbsp;al mism\u00edsimo pa\u00eds comunista por antonomasia, sin democracia, y t\u00e1cito inquisidor de la libertad de expresi\u00f3n.&nbsp;<\/p>\n\n\n\n<p>PURGA<\/p>\n\n\n\n<p>Es la gran oportunidad de la Presidente de M\u00e9xico para desmarcarse de la herencia maldita que le dej\u00f3 Andr\u00e9s Manuel, destetarse y mandar al ostracismo pol\u00edtico o al cadalso a quienes creyeron que pod\u00edan hacer de las suyas sin el<\/p>\n\n\n\n<p>Vobo de la Jefa politica.&nbsp;<\/p>\n\n\n\n<p>AGV<\/p>\n","protected":false},"excerpt":{"rendered":"<p>Desde que lleg\u00f3 al poder, Morena, partido que cre\u00f3, Andr\u00e9s Manuel L\u00f3pez Obrador, no hab\u00eda registrado un momento \u00e1lgidamente negro como el del mes de julio del \u201825. En los primeros quince d\u00edas lleg\u00f3 la fractura, -aunque Javier Mai Rodr\u00edguez, gobernador de Tabasco, al inicio de su gobierno, en&nbsp;&nbsp;el mes de octubre del \u201824 ya [&hellip;]<\/p>\n","protected":false},"author":1,"featured_media":23368,"comment_status":"open","ping_status":"open","sticky":false,"template":"","format":"standard","meta":{"_monsterinsights_skip_tracking":false,"_monsterinsights_sitenote_active":false,"_monsterinsights_sitenote_note":"","_monsterinsights_sitenote_category":0,"footnotes":""},"categories":[1],"tags":[],"_links":{"self":[{"href":"https:\/\/zonalimitrofe-cbnr.com\/index.php\/wp-json\/wp\/v2\/posts\/23356"}],"collection":[{"href":"https:\/\/zonalimitrofe-cbnr.com\/index.php\/wp-json\/wp\/v2\/posts"}],"about":[{"href":"https:\/\/zonalimitrofe-cbnr.com\/index.php\/wp-json\/wp\/v2\/types\/post"}],"author":[{"embeddable":true,"href":"https:\/\/zonalimitrofe-cbnr.com\/index.php\/wp-json\/wp\/v2\/users\/1"}],"replies":[{"embeddable":true,"href":"https:\/\/zonalimitrofe-cbnr.com\/index.php\/wp-json\/wp\/v2\/comments?post=23356"}],"version-history":[{"count":1,"href":"https:\/\/zonalimitrofe-cbnr.com\/index.php\/wp-json\/wp\/v2\/posts\/23356\/revisions"}],"predecessor-version":[{"id":23358,"href":"https:\/\/zonalimitrofe-cbnr.com\/index.php\/wp-json\/wp\/v2\/posts\/23356\/revisions\/23358"}],"wp:featuredmedia":[{"embeddable":true,"href":"https:\/\/zonalimitrofe-cbnr.com\/index.php\/wp-json\/wp\/v2\/media\/23368"}],"wp:attachment":[{"href":"https:\/\/zonalimitrofe-cbnr.com\/index.php\/wp-json\/wp\/v2\/media?parent=23356"}],"wp:term":[{"taxonomy":"category","embeddable":true,"href":"https:\/\/zonalimitrofe-cbnr.com\/index.php\/wp-json\/wp\/v2\/categories?post=23356"},{"taxonomy":"post_tag","embeddable":true,"href":"https:\/\/zonalimitrofe-cbnr.com\/index.php\/wp-json\/wp\/v2\/tags?post=23356"}],"curies":[{"name":"wp","href":"https:\/\/api.w.org\/{rel}","templated":true}]}}