{"id":23338,"date":"2025-07-30T14:38:35","date_gmt":"2025-07-30T20:38:35","guid":{"rendered":"https:\/\/zonalimitrofe-cbnr.com\/?p=23338"},"modified":"2025-07-30T14:38:36","modified_gmt":"2025-07-30T20:38:36","slug":"torreon-aumenta-el-50-la-recoleccion-de-basura-en-espacios-publicos-durante-la-temporada-vacacional","status":"publish","type":"post","link":"https:\/\/zonalimitrofe-cbnr.com\/index.php\/2025\/07\/30\/torreon-aumenta-el-50-la-recoleccion-de-basura-en-espacios-publicos-durante-la-temporada-vacacional\/","title":{"rendered":"#Torre\u00f3n. Aumenta el 50% la recolecci\u00f3n de basura en espacios p\u00fablicos durante la temporada vacacional"},"content":{"rendered":"\n<p>Torre\u00f3n, Coahuila. A 30 de julio de 2025<\/p>\n\n\n\n<p>Durante la temporada vacacional de verano, la afluencia de personas en espacios p\u00fablicos incrementa considerablemente, lo que ha derivado a su vez en un aumento del 50 por ciento en la recolecci\u00f3n de basura y desechos por parte del personal de limpieza de \u201cLa Ola\u201d.<\/p>\n\n\n\n<p>Fernando Villarreal Cu\u00e9llar, director general de Servicios P\u00fablicos Municipales, inform\u00f3 que es com\u00fan en estas fechas el incremento, pues muchas familias aprovechan el periodo vacacional para salir y disfrutar, lo que conlleva un mayor consumo de alimentos, bebidas y otros productos que generan residuos.<\/p>\n\n\n\n<p>\u201cEl personal de La Ola est\u00e1 realizando un gran esfuerzo al intensificar sus labores, ya que actualmente recolectan pr\u00e1cticamente el doble de basura en \u00e1reas p\u00fablicas comparado con otras \u00e9pocas del a\u00f1o\u201d.<\/p>\n\n\n\n<p>Explic\u00f3 que los trabajadores han reforzado sus turnos para atender el aumento de desechos y mantener la limpieza en toda la ciudad.<\/p>\n\n\n\n<p>Adem\u00e1s, dio a conocer que el programa \u201cLa Ruta del descacharre\u201d tambi\u00e9n ha registrado un incremento del 30 por ciento en los objetos recolectados, pues muchas familias aprovechan el tiempo libre para limpiar sus hogares y desechar tiliches, muebles viejos, electrodom\u00e9sticos en desuso y otros objetos acumulados.<\/p>\n\n\n\n<p>En este sentido, el funcionario exhort\u00f3 a la ciudadan\u00eda a ser parte de estas acciones de limpieza, depositando la basura en los lugares asignados y respetando los horarios establecidos para sacar los residuos conforme la Promotora Ambiental (PASA).<\/p>\n\n\n\n<p>\u201cContar con espacios limpios depende tambi\u00e9n del compromiso de los ciudadanos. Por eso pedimos su apoyo para que juntos mantengamos una ciudad limpia, segura y ordenada\u201d.<\/p>\n\n\n\n<p>Destac\u00f3 que tirar basura en la v\u00eda p\u00fablica no solo da\u00f1a el entorno urbano, sino que tambi\u00e9n afecta la imagen de la ciudad y sobre todo puede generar focos de infecci\u00f3n.<\/p>\n\n\n\n<p>Asimismo, reafirm\u00f3 el compromiso de la Administraci\u00f3n Municipal del alcalde Rom\u00e1n Alberto Cepeda Gonz\u00e1lez, de seguir trabajando por el bienestar de las familias, a trav\u00e9s de los programas implementados para la limpieza y el mejoramiento de espacios p\u00fablicos.<\/p>\n","protected":false},"excerpt":{"rendered":"<p>Torre\u00f3n, Coahuila. A 30 de julio de 2025 Durante la temporada vacacional de verano, la afluencia de personas en espacios p\u00fablicos incrementa considerablemente, lo que ha derivado a su vez en un aumento del 50 por ciento en la recolecci\u00f3n de basura y desechos por parte del personal de limpieza de \u201cLa Ola\u201d. Fernando Villarreal [&hellip;]<\/p>\n","protected":false},"author":1,"featured_media":23339,"comment_status":"open","ping_status":"open","sticky":false,"template":"","format":"standard","meta":{"_monsterinsights_skip_tracking":false,"_monsterinsights_sitenote_active":false,"_monsterinsights_sitenote_note":"","_monsterinsights_sitenote_category":0,"footnotes":""},"categories":[1],"tags":[],"_links":{"self":[{"href":"https:\/\/zonalimitrofe-cbnr.com\/index.php\/wp-json\/wp\/v2\/posts\/23338"}],"collection":[{"href":"https:\/\/zonalimitrofe-cbnr.com\/index.php\/wp-json\/wp\/v2\/posts"}],"about":[{"href":"https:\/\/zonalimitrofe-cbnr.com\/index.php\/wp-json\/wp\/v2\/types\/post"}],"author":[{"embeddable":true,"href":"https:\/\/zonalimitrofe-cbnr.com\/index.php\/wp-json\/wp\/v2\/users\/1"}],"replies":[{"embeddable":true,"href":"https:\/\/zonalimitrofe-cbnr.com\/index.php\/wp-json\/wp\/v2\/comments?post=23338"}],"version-history":[{"count":1,"href":"https:\/\/zonalimitrofe-cbnr.com\/index.php\/wp-json\/wp\/v2\/posts\/23338\/revisions"}],"predecessor-version":[{"id":23340,"href":"https:\/\/zonalimitrofe-cbnr.com\/index.php\/wp-json\/wp\/v2\/posts\/23338\/revisions\/23340"}],"wp:featuredmedia":[{"embeddable":true,"href":"https:\/\/zonalimitrofe-cbnr.com\/index.php\/wp-json\/wp\/v2\/media\/23339"}],"wp:attachment":[{"href":"https:\/\/zonalimitrofe-cbnr.com\/index.php\/wp-json\/wp\/v2\/media?parent=23338"}],"wp:term":[{"taxonomy":"category","embeddable":true,"href":"https:\/\/zonalimitrofe-cbnr.com\/index.php\/wp-json\/wp\/v2\/categories?post=23338"},{"taxonomy":"post_tag","embeddable":true,"href":"https:\/\/zonalimitrofe-cbnr.com\/index.php\/wp-json\/wp\/v2\/tags?post=23338"}],"curies":[{"name":"wp","href":"https:\/\/api.w.org\/{rel}","templated":true}]}}