{"id":23335,"date":"2025-07-30T14:33:10","date_gmt":"2025-07-30T20:33:10","guid":{"rendered":"https:\/\/zonalimitrofe-cbnr.com\/?p=23335"},"modified":"2025-07-30T14:33:10","modified_gmt":"2025-07-30T20:33:10","slug":"torreon-revisan-indicadores-de-seguridad-y-estrategias-para-mantener-el-orden-social-durante-las-vacaciones","status":"publish","type":"post","link":"https:\/\/zonalimitrofe-cbnr.com\/index.php\/2025\/07\/30\/torreon-revisan-indicadores-de-seguridad-y-estrategias-para-mantener-el-orden-social-durante-las-vacaciones\/","title":{"rendered":"#Torre\u00f3n. Revisan indicadores de seguridad y estrategias para mantener el orden social durante las vacaciones"},"content":{"rendered":"\n<p><strong>Torre\u00f3n, Coahuila. A 30 de julio de 2025.-<\/strong> Durante la vig\u00e9sima octava reuni\u00f3n semanal de seguridad, que en representaci\u00f3n del alcalde Rom\u00e1n Alberto Cepeda Gonz\u00e1lez, presidi\u00f3 el secretario del Ayuntamiento, Jos\u00e9 Ganem Guerrero, se revisaron los \u00edndices de incidencia delictiva para la implementaci\u00f3n de estrategias a seguir durante el periodo vacacional. Ganem Guerrero reiter\u00f3 el compromiso del Presidente Municipal de trabajar en coordinaci\u00f3n con los \u00f3rdenes de Gobierno para seguir manteniendo a Torre\u00f3n seguro y con orden. Dijo que la coordinaci\u00f3n con el gobernador Manolo Jim\u00e9nez Salinas, y todas las corporaciones del Mando Especial, la Guardia Nacional y el Ej\u00e9rcito Mexicano, es el acierto m\u00e1s eficaz para que la ciudad siga estando entre las m\u00e1s seguras del pa\u00eds. El secretario agreg\u00f3 que debido al buen clima de seguridad, en Torre\u00f3n se pueden realizar eventos de orden art\u00edsticos, deportivos o culturales. Sin embargo, pidi\u00f3 no bajar la guardia y aplicar los mecanismos y operativos coordinados especiales para las vacaciones, redoblando la vigilancia en bares, antros y lugares de esparcimiento para las familias y visitantes. Referente al \u00edndice semanal de incidencia delictiva, el comisario Alfredo Flores Originales, director de la Polic\u00eda de Torre\u00f3n, inform\u00f3 que del 22 al 28 de julio disminuy\u00f3 el \u00edndice delictivo en el rubro de robo a veh\u00edculo, con dos eventos; as\u00ed como en el de robo a transporte p\u00fablico individual, con cero eventos; y se mantuvo el \u00edndice de robo a local comercial con violencia, con cuatro eventos. La Polic\u00eda Municipal efectu\u00f3 148 detenciones que fueron remitidas al Ministerio P\u00fablico y 158 al Juez Calificador. El Grupo de Reacci\u00f3n Torre\u00f3n realiz\u00f3 17 detenciones relacionadas con la posesi\u00f3n de narc\u00f3ticos. El comisario destac\u00f3 tambi\u00e9n los resultados de las c\u00e1maras del Centro de Control y Comando (C2), para el apoyo en la recuperaci\u00f3n de veh\u00edculos, as\u00ed como en la detenci\u00f3n de personas que cometen alg\u00fan delito.<\/p>\n\n\n\n<p>Luis Alberto Morales Cort\u00e9s, director de Vialidad y Movilidad Urbana, coment\u00f3 sobre la visita al Polideportivo Torre\u00f3n, el deportivo la Jabonera y Multideportivo Oriente, a donde llevaron la Bici escuelita para ense\u00f1ar las reglas b\u00e1sicas de la movilidad y Seguridad Vial a un total de 182 menores y 10 maestras.<\/p>\n\n\n\n<p>Adem\u00e1s, dio a conocer que un grupo de agentes de Vialidad recibieron una capacitaci\u00f3n de Derechos Humanos con perspectiva de g\u00e9nero, impartida por el Instituto Municipal de la Mujer de Torre\u00f3n, con el tema: \u201cPrincipio de igualdad y no discriminaci\u00f3n\u201d.<\/p>\n\n\n\n<p>Tambi\u00e9n inform\u00f3 que con el Grupo de Auditores Viales se instalaron seis se\u00f1alamientos para homologar la velocidad a 30 kil\u00f3metros por hora, en la avenida Ju\u00e1rez entre calzada La Joya y Torre\u00f3n 2000.<\/p>\n\n\n\n<p>Jorge Luis Ju\u00e1rez Llanas, director de Protecci\u00f3n Civil y Bomberos, se\u00f1al\u00f3 que esta semana se atendieron 166 servicios por parte de las diferentes estaciones de la corporaci\u00f3n.<\/p>\n\n\n\n<p>Inform\u00f3 que en la semana continuaron las inspecciones en anuncios, y se retir\u00f3 una lona eliminando el riesgo de su ca\u00edda, como parte de las acciones de prevenci\u00f3n que realiza la dependencia de manera permanente respecto al tema de vientos fuertes.<\/p>\n\n\n\n<p>Adem\u00e1s, el director mencion\u00f3 que se mantienen las acciones de atenci\u00f3n a lluvias, con la revisi\u00f3n y limpieza de alcantarillas y bocas de tormenta, as\u00ed como la inspecci\u00f3n de c\u00e1rcamos en coordinaci\u00f3n con otras dependencias.<\/p>\n\n\n\n<p>Jos\u00e9 del Castillo, por parte de la Direcci\u00f3n de Inspecci\u00f3n y Verificaci\u00f3n, inform\u00f3 que los principales reportes que recibi\u00f3 la dependencia mediante el sistema 073, fueron por obstrucci\u00f3n en la v\u00eda p\u00fablica, con 18; y veh\u00edculos chatarra, con 11.<\/p>\n","protected":false},"excerpt":{"rendered":"<p>Torre\u00f3n, Coahuila. A 30 de julio de 2025.- Durante la vig\u00e9sima octava reuni\u00f3n semanal de seguridad, que en representaci\u00f3n del alcalde Rom\u00e1n Alberto Cepeda Gonz\u00e1lez, presidi\u00f3 el secretario del Ayuntamiento, Jos\u00e9 Ganem Guerrero, se revisaron los \u00edndices de incidencia delictiva para la implementaci\u00f3n de estrategias a seguir durante el periodo vacacional. Ganem Guerrero reiter\u00f3 el [&hellip;]<\/p>\n","protected":false},"author":1,"featured_media":23336,"comment_status":"open","ping_status":"open","sticky":false,"template":"","format":"standard","meta":{"_monsterinsights_skip_tracking":false,"_monsterinsights_sitenote_active":false,"_monsterinsights_sitenote_note":"","_monsterinsights_sitenote_category":0,"footnotes":""},"categories":[1],"tags":[],"_links":{"self":[{"href":"https:\/\/zonalimitrofe-cbnr.com\/index.php\/wp-json\/wp\/v2\/posts\/23335"}],"collection":[{"href":"https:\/\/zonalimitrofe-cbnr.com\/index.php\/wp-json\/wp\/v2\/posts"}],"about":[{"href":"https:\/\/zonalimitrofe-cbnr.com\/index.php\/wp-json\/wp\/v2\/types\/post"}],"author":[{"embeddable":true,"href":"https:\/\/zonalimitrofe-cbnr.com\/index.php\/wp-json\/wp\/v2\/users\/1"}],"replies":[{"embeddable":true,"href":"https:\/\/zonalimitrofe-cbnr.com\/index.php\/wp-json\/wp\/v2\/comments?post=23335"}],"version-history":[{"count":1,"href":"https:\/\/zonalimitrofe-cbnr.com\/index.php\/wp-json\/wp\/v2\/posts\/23335\/revisions"}],"predecessor-version":[{"id":23337,"href":"https:\/\/zonalimitrofe-cbnr.com\/index.php\/wp-json\/wp\/v2\/posts\/23335\/revisions\/23337"}],"wp:featuredmedia":[{"embeddable":true,"href":"https:\/\/zonalimitrofe-cbnr.com\/index.php\/wp-json\/wp\/v2\/media\/23336"}],"wp:attachment":[{"href":"https:\/\/zonalimitrofe-cbnr.com\/index.php\/wp-json\/wp\/v2\/media?parent=23335"}],"wp:term":[{"taxonomy":"category","embeddable":true,"href":"https:\/\/zonalimitrofe-cbnr.com\/index.php\/wp-json\/wp\/v2\/categories?post=23335"},{"taxonomy":"post_tag","embeddable":true,"href":"https:\/\/zonalimitrofe-cbnr.com\/index.php\/wp-json\/wp\/v2\/tags?post=23335"}],"curies":[{"name":"wp","href":"https:\/\/api.w.org\/{rel}","templated":true}]}}