{"id":23317,"date":"2025-07-29T16:17:11","date_gmt":"2025-07-29T22:17:11","guid":{"rendered":"https:\/\/zonalimitrofe-cbnr.com\/?p=23317"},"modified":"2025-07-29T16:17:12","modified_gmt":"2025-07-29T22:17:12","slug":"lerdo-capacitan-a-bomberos-de-lerdo-en-manejo-de-materiales-peligrosos","status":"publish","type":"post","link":"https:\/\/zonalimitrofe-cbnr.com\/index.php\/2025\/07\/29\/lerdo-capacitan-a-bomberos-de-lerdo-en-manejo-de-materiales-peligrosos\/","title":{"rendered":"#Lerdo. CAPACITAN A BOMBEROS DE LERDO EN MANEJO DE MATERIALES PELIGROSOS*"},"content":{"rendered":"\n<p>Lerdo, 29 de julio 2025.- En las nuevas instalaciones del Edificio de la Coordinaci\u00f3n de Protecci\u00f3n Civil y Bomberos de Lerdo, se llev\u00f3 a cabo una capacitaci\u00f3n especializada dirigida al Heroico Cuerpo de Bomberos, con el objetivo de fortalecer sus conocimientos ante emergencias qu\u00edmicas.<\/p>\n\n\n\n<p>La capacitaci\u00f3n estuvo a cargo del Dr. Daniel R\u00edos Reyna, Doctor en Gesti\u00f3n Integral de Riesgos y Protecci\u00f3n Civil, quien imparti\u00f3 los temas: \u201cPrimer Respondiente en Atenci\u00f3n a Emergencias Qu\u00edmicas\u201d y \u201cManejo de Materiales Peligrosos\u201d.<\/p>\n\n\n\n<p>La coordinadora de Protecci\u00f3n Civil, Isabel Mac\u00edas, agradeci\u00f3 al Presidente Municipal, Homero Mart\u00ednez Cabrera, por brindar todas las facilidades para realizar este tipo de actividades, las cuales refuerzan la preparaci\u00f3n del personal ante incidentes de alto riesgo, especialmente en un municipio con una amplia extensi\u00f3n territorial como Lerdo.<\/p>\n\n\n\n<p>Por su parte, el jefe del Cuerpo de Bomberos, Ad\u00e1n Mart\u00ednez Ortega, destac\u00f3 que estas capacitaciones son fundamentales para actualizar al personal, mejorar la capacidad de respuesta y salvaguardar la integridad de la ciudadan\u00eda en situaciones cr\u00edticas.<\/p>\n","protected":false},"excerpt":{"rendered":"<p>Lerdo, 29 de julio 2025.- En las nuevas instalaciones del Edificio de la Coordinaci\u00f3n de Protecci\u00f3n Civil y Bomberos de Lerdo, se llev\u00f3 a cabo una capacitaci\u00f3n especializada dirigida al Heroico Cuerpo de Bomberos, con el objetivo de fortalecer sus conocimientos ante emergencias qu\u00edmicas. La capacitaci\u00f3n estuvo a cargo del Dr. Daniel R\u00edos Reyna, Doctor [&hellip;]<\/p>\n","protected":false},"author":1,"featured_media":23318,"comment_status":"open","ping_status":"open","sticky":false,"template":"","format":"standard","meta":{"_monsterinsights_skip_tracking":false,"_monsterinsights_sitenote_active":false,"_monsterinsights_sitenote_note":"","_monsterinsights_sitenote_category":0,"footnotes":""},"categories":[1],"tags":[],"_links":{"self":[{"href":"https:\/\/zonalimitrofe-cbnr.com\/index.php\/wp-json\/wp\/v2\/posts\/23317"}],"collection":[{"href":"https:\/\/zonalimitrofe-cbnr.com\/index.php\/wp-json\/wp\/v2\/posts"}],"about":[{"href":"https:\/\/zonalimitrofe-cbnr.com\/index.php\/wp-json\/wp\/v2\/types\/post"}],"author":[{"embeddable":true,"href":"https:\/\/zonalimitrofe-cbnr.com\/index.php\/wp-json\/wp\/v2\/users\/1"}],"replies":[{"embeddable":true,"href":"https:\/\/zonalimitrofe-cbnr.com\/index.php\/wp-json\/wp\/v2\/comments?post=23317"}],"version-history":[{"count":1,"href":"https:\/\/zonalimitrofe-cbnr.com\/index.php\/wp-json\/wp\/v2\/posts\/23317\/revisions"}],"predecessor-version":[{"id":23319,"href":"https:\/\/zonalimitrofe-cbnr.com\/index.php\/wp-json\/wp\/v2\/posts\/23317\/revisions\/23319"}],"wp:featuredmedia":[{"embeddable":true,"href":"https:\/\/zonalimitrofe-cbnr.com\/index.php\/wp-json\/wp\/v2\/media\/23318"}],"wp:attachment":[{"href":"https:\/\/zonalimitrofe-cbnr.com\/index.php\/wp-json\/wp\/v2\/media?parent=23317"}],"wp:term":[{"taxonomy":"category","embeddable":true,"href":"https:\/\/zonalimitrofe-cbnr.com\/index.php\/wp-json\/wp\/v2\/categories?post=23317"},{"taxonomy":"post_tag","embeddable":true,"href":"https:\/\/zonalimitrofe-cbnr.com\/index.php\/wp-json\/wp\/v2\/tags?post=23317"}],"curies":[{"name":"wp","href":"https:\/\/api.w.org\/{rel}","templated":true}]}}