{"id":23278,"date":"2025-07-28T14:50:05","date_gmt":"2025-07-28T20:50:05","guid":{"rendered":"https:\/\/zonalimitrofe-cbnr.com\/?p=23278"},"modified":"2025-07-28T14:50:05","modified_gmt":"2025-07-28T20:50:05","slug":"lerdo-realizan-trabajos-de-deshierbe-en-el-periferico-de-la-ciudad","status":"publish","type":"post","link":"https:\/\/zonalimitrofe-cbnr.com\/index.php\/2025\/07\/28\/lerdo-realizan-trabajos-de-deshierbe-en-el-periferico-de-la-ciudad\/","title":{"rendered":"#Lerdo. REALIZAN TRABAJOS DE DESHIERBE EN EL PERIF\u00c9RICO DE LA CIUDAD*"},"content":{"rendered":"\n<p>Lerdo, 28 de julio 2025.- La Direcci\u00f3n de Servicios P\u00fablicos en Lerdo llev\u00f3 a cabo trabajos de limpieza general en el perif\u00e9rico de la ciudad, con especial atenci\u00f3n a labores de deshierbe, las cuales se han intensificado debido al crecimiento de maleza provocado por las recientes lluvias.<\/p>\n\n\n\n<p>El titular de la dependencia, Antonio S\u00e1nchez L\u00f3pez, mencion\u00f3 que, por indicaci\u00f3n del Alcalde Homero Mart\u00ednez Cabrera, estas acciones buscan generar un impacto positivo en la salud de los lerdenses, ya que la acumulaci\u00f3n de hierba aumenta la humedad en las zonas verdes, lo que favorece la proliferaci\u00f3n del mosquito transmisor del dengue.<\/p>\n\n\n\n<p>Asimismo, personal de la dependencia acudi\u00f3 a una de las comunidades m\u00e1s alejadas de la cabecera municipal, el Ejido La Luz, para realizar labores de limpieza y mantenimiento en la plaza p\u00fablica y las calles principales. Estas acciones tienen como objetivo mejorar las condiciones del espacio para que los habitantes lo disfruten durante la temporada vacacional en actividades recreativas, de convivencia y deportivas.<\/p>\n\n\n\n<p>Finalmente, la Direcci\u00f3n de Servicios P\u00fablicos hace un llamado a la ciudadan\u00eda a no arrojar basura en la v\u00eda p\u00fablica, ya que durante la temporada de lluvias pueden verse afectados los sistemas de drenaje, alcantarillas y c\u00e1rcamos, lo que provoca encharcamientos e inundaciones en distintos sectores de la ciudad.<\/p>\n","protected":false},"excerpt":{"rendered":"<p>Lerdo, 28 de julio 2025.- La Direcci\u00f3n de Servicios P\u00fablicos en Lerdo llev\u00f3 a cabo trabajos de limpieza general en el perif\u00e9rico de la ciudad, con especial atenci\u00f3n a labores de deshierbe, las cuales se han intensificado debido al crecimiento de maleza provocado por las recientes lluvias. El titular de la dependencia, Antonio S\u00e1nchez L\u00f3pez, [&hellip;]<\/p>\n","protected":false},"author":1,"featured_media":23279,"comment_status":"open","ping_status":"open","sticky":false,"template":"","format":"standard","meta":{"_monsterinsights_skip_tracking":false,"_monsterinsights_sitenote_active":false,"_monsterinsights_sitenote_note":"","_monsterinsights_sitenote_category":0,"footnotes":""},"categories":[1],"tags":[],"_links":{"self":[{"href":"https:\/\/zonalimitrofe-cbnr.com\/index.php\/wp-json\/wp\/v2\/posts\/23278"}],"collection":[{"href":"https:\/\/zonalimitrofe-cbnr.com\/index.php\/wp-json\/wp\/v2\/posts"}],"about":[{"href":"https:\/\/zonalimitrofe-cbnr.com\/index.php\/wp-json\/wp\/v2\/types\/post"}],"author":[{"embeddable":true,"href":"https:\/\/zonalimitrofe-cbnr.com\/index.php\/wp-json\/wp\/v2\/users\/1"}],"replies":[{"embeddable":true,"href":"https:\/\/zonalimitrofe-cbnr.com\/index.php\/wp-json\/wp\/v2\/comments?post=23278"}],"version-history":[{"count":1,"href":"https:\/\/zonalimitrofe-cbnr.com\/index.php\/wp-json\/wp\/v2\/posts\/23278\/revisions"}],"predecessor-version":[{"id":23280,"href":"https:\/\/zonalimitrofe-cbnr.com\/index.php\/wp-json\/wp\/v2\/posts\/23278\/revisions\/23280"}],"wp:featuredmedia":[{"embeddable":true,"href":"https:\/\/zonalimitrofe-cbnr.com\/index.php\/wp-json\/wp\/v2\/media\/23279"}],"wp:attachment":[{"href":"https:\/\/zonalimitrofe-cbnr.com\/index.php\/wp-json\/wp\/v2\/media?parent=23278"}],"wp:term":[{"taxonomy":"category","embeddable":true,"href":"https:\/\/zonalimitrofe-cbnr.com\/index.php\/wp-json\/wp\/v2\/categories?post=23278"},{"taxonomy":"post_tag","embeddable":true,"href":"https:\/\/zonalimitrofe-cbnr.com\/index.php\/wp-json\/wp\/v2\/tags?post=23278"}],"curies":[{"name":"wp","href":"https:\/\/api.w.org\/{rel}","templated":true}]}}