{"id":23250,"date":"2025-07-27T12:44:16","date_gmt":"2025-07-27T18:44:16","guid":{"rendered":"https:\/\/zonalimitrofe-cbnr.com\/?p=23250"},"modified":"2025-07-27T12:44:16","modified_gmt":"2025-07-27T18:44:16","slug":"torreon-medio-ambiente-impulsa-educacion-ecologica-en-planteles-escolares","status":"publish","type":"post","link":"https:\/\/zonalimitrofe-cbnr.com\/index.php\/2025\/07\/27\/torreon-medio-ambiente-impulsa-educacion-ecologica-en-planteles-escolares\/","title":{"rendered":"#Torre\u00f3n. Medio Ambiente impulsa educaci\u00f3n ecol\u00f3gica en planteles escolares"},"content":{"rendered":"\n<p>Torre\u00f3n, Coahuila. A 27 de julio de 2025<\/p>\n\n\n\n<p>La Direcci\u00f3n General de Medio Ambiente ha visitado m\u00e1s de 30 instituciones durante el primer semestre del a\u00f1o, a trav\u00e9s del programa \u201cMi querida escuela\u201d en beneficio de m\u00e1s de 8 mil alumnos.<\/p>\n\n\n\n<p>Marcelo S\u00e1nchez Adame, director de la dependencia, precis\u00f3 que el programa ha beneficiado de manera directa a m\u00e1s de 8 mil 100 ni\u00f1os, y de forma indirecta a alrededor de 24 mil personas entre maestros, personal escolar y familias.<\/p>\n\n\n\n<p>Destac\u00f3 que estos esfuerzos forman parte de un programa integral de sensibilizaci\u00f3n ecol\u00f3gica que se lleva a cabo en coordinaci\u00f3n con otras instancias municipales como el \u00e1rea de Cultura del Agua del SIMAS Torre\u00f3n, el Instituto Municipal de Cultura y Educaci\u00f3n (IMCE), la Unidad de Derechos Humanos, as\u00ed como la Direcci\u00f3n de Tr\u00e1nsito y Vialidad.<\/p>\n\n\n\n<p>\u201cLas actividades implementadas tienen un enfoque multidisciplinario que permite a los estudiantes aprender de manera activa sobre el entorno natural\u201d.<\/p>\n\n\n\n<p>El funcionario indic\u00f3 que entre las din\u00e1micas realizadas se encuentran talleres de germinaci\u00f3n de semillas, sesiones educativas sobre arbolado urbano, segregaci\u00f3n de residuos y conocimiento de la fauna y flora regional.<\/p>\n\n\n\n<p>Dijo que los contenidos son impartidos de forma l\u00fadica y did\u00e1ctica, con el objetivo de generar una experiencia significativa para los alumnos. Adem\u00e1s de las clases te\u00f3ricas, se desarrollan actividades f\u00edsicas y recreativas para fortalecer el aprendizaje y el compromiso con el medio ambiente.<\/p>\n\n\n\n<p>Entre los eventos, resalt\u00f3 el realizado con motivo de la conmemoraci\u00f3n del D\u00eda Mundial del Medio Ambiente, que reuni\u00f3 a m\u00e1s de 500 alumnos de 15 escuelas. \u201cM\u00e1s de 30 colaboradores entre dependencias municipales, asociaciones civiles, empresas y academias unieron esfuerzos para organizar talleres, din\u00e1micas grupales y exposiciones tem\u00e1ticas\u201d.<\/p>\n\n\n\n<p>El director reiter\u00f3 el compromiso de la Administraci\u00f3n Municipal del alcalde Rom\u00e1n Alberto Cepeda Gonz\u00e1lez, para seguir impulsando acciones de educaci\u00f3n y<\/p>\n\n\n\n<p>responsabilidad ambiental, para formar generaciones m\u00e1s informadas y comprometidas con el cuidado del planeta.<\/p>\n","protected":false},"excerpt":{"rendered":"<p>Torre\u00f3n, Coahuila. A 27 de julio de 2025 La Direcci\u00f3n General de Medio Ambiente ha visitado m\u00e1s de 30 instituciones durante el primer semestre del a\u00f1o, a trav\u00e9s del programa \u201cMi querida escuela\u201d en beneficio de m\u00e1s de 8 mil alumnos. Marcelo S\u00e1nchez Adame, director de la dependencia, precis\u00f3 que el programa ha beneficiado de [&hellip;]<\/p>\n","protected":false},"author":1,"featured_media":23251,"comment_status":"open","ping_status":"open","sticky":false,"template":"","format":"standard","meta":{"_monsterinsights_skip_tracking":false,"_monsterinsights_sitenote_active":false,"_monsterinsights_sitenote_note":"","_monsterinsights_sitenote_category":0,"footnotes":""},"categories":[1],"tags":[],"_links":{"self":[{"href":"https:\/\/zonalimitrofe-cbnr.com\/index.php\/wp-json\/wp\/v2\/posts\/23250"}],"collection":[{"href":"https:\/\/zonalimitrofe-cbnr.com\/index.php\/wp-json\/wp\/v2\/posts"}],"about":[{"href":"https:\/\/zonalimitrofe-cbnr.com\/index.php\/wp-json\/wp\/v2\/types\/post"}],"author":[{"embeddable":true,"href":"https:\/\/zonalimitrofe-cbnr.com\/index.php\/wp-json\/wp\/v2\/users\/1"}],"replies":[{"embeddable":true,"href":"https:\/\/zonalimitrofe-cbnr.com\/index.php\/wp-json\/wp\/v2\/comments?post=23250"}],"version-history":[{"count":1,"href":"https:\/\/zonalimitrofe-cbnr.com\/index.php\/wp-json\/wp\/v2\/posts\/23250\/revisions"}],"predecessor-version":[{"id":23252,"href":"https:\/\/zonalimitrofe-cbnr.com\/index.php\/wp-json\/wp\/v2\/posts\/23250\/revisions\/23252"}],"wp:featuredmedia":[{"embeddable":true,"href":"https:\/\/zonalimitrofe-cbnr.com\/index.php\/wp-json\/wp\/v2\/media\/23251"}],"wp:attachment":[{"href":"https:\/\/zonalimitrofe-cbnr.com\/index.php\/wp-json\/wp\/v2\/media?parent=23250"}],"wp:term":[{"taxonomy":"category","embeddable":true,"href":"https:\/\/zonalimitrofe-cbnr.com\/index.php\/wp-json\/wp\/v2\/categories?post=23250"},{"taxonomy":"post_tag","embeddable":true,"href":"https:\/\/zonalimitrofe-cbnr.com\/index.php\/wp-json\/wp\/v2\/tags?post=23250"}],"curies":[{"name":"wp","href":"https:\/\/api.w.org\/{rel}","templated":true}]}}