{"id":23243,"date":"2025-07-27T12:38:51","date_gmt":"2025-07-27T18:38:51","guid":{"rendered":"https:\/\/zonalimitrofe-cbnr.com\/?p=23243"},"modified":"2025-07-27T12:40:14","modified_gmt":"2025-07-27T18:40:14","slug":"torreon-ligeros-ajustes-a-las-frecuencias-de-autobuses-para-garantizar-el-servicio-de-transporte-publico-durante-el-periodo-vacacional","status":"publish","type":"post","link":"https:\/\/zonalimitrofe-cbnr.com\/index.php\/2025\/07\/27\/torreon-ligeros-ajustes-a-las-frecuencias-de-autobuses-para-garantizar-el-servicio-de-transporte-publico-durante-el-periodo-vacacional\/","title":{"rendered":"#Torre\u00f3n. Ligeros ajustes a las frecuencias de autobuses para garantizar el servicio de transporte p\u00fablico durante el periodo vacacional"},"content":{"rendered":"\n<p>Torre\u00f3n, Coahuila. A 27 de julio de 2025<\/p>\n\n\n\n<p>A trav\u00e9s de la Direcci\u00f3n de Transporte P\u00fablico Municipal se implementar\u00e1n ajustes en las frecuencias de las unidades en la modalidad de autob\u00fas, debido a la baja en la demanda del servicio por el actual periodo vacacional. Sin embargo, estas medidas priorizar\u00e1n a los usuarios.<\/p>\n\n\n\n<p>C\u00e9sar Alvarado Mendoza, titular de la dependencia, explic\u00f3 que esta acci\u00f3n se aplica de manera habitual en los periodos de receso escolar, ya que durante estas fechas disminuye considerablemente el flujo de usuarios, en su mayor\u00eda estudiantes y padres de familia que trasladan a sus hijos a los centros educativos.<\/p>\n\n\n\n<p>Indic\u00f3 que el objetivo del ajuste en las frecuencias es mantener un equilibrio que permita seguir brindando el servicio, sin generar costos innecesarios para los concesionarios.<\/p>\n\n\n\n<p>No obstante, el director asegur\u00f3 que las rutas seguir\u00e1n funcionando con normalidad y que \u00fanicamente se modificar\u00e1 el tiempo entre el paso de unidades, es decir, ampliaci\u00f3n de frecuencia, y se mantendr\u00e1 la supervisi\u00f3n constante para evaluar si se requiere realizar ajustes adicionales.<\/p>\n\n\n\n<p>\u201cEl servicio queda asegurado porque a pesar de la baja en la movilidad en \u00e1reas de centros educativos, los usuarios siguen en muchos casos con actividades regulares laborales, recreativas o en busca de una atenci\u00f3n m\u00e9dica, por lo que la revisi\u00f3n para el cumplimiento de los concesionarios sigue\u201d, manifest\u00f3.<\/p>\n\n\n\n<p>El funcionario invit\u00f3 a la ciudadan\u00eda a mantenerse informada a trav\u00e9s de los canales de la dependencia como Facebook: Direcci\u00f3n de Transporte P\u00fablico, en donde se notificar\u00e1 cualquier cambio o modificaci\u00f3n en el servicio durante este periodo.<\/p>\n\n\n\n<p>Finalmente, dijo que estas acciones est\u00e1n encaminadas al cumplimiento de los objetivos de la Administraci\u00f3n Municipal del alcalde Rom\u00e1n Alberto Cepeda Gonz\u00e1lez, bajo el compromiso con la ciudadan\u00eda de Torre\u00f3n, de impulsar un eficiente servicio de transporte p\u00fablico.<\/p>\n","protected":false},"excerpt":{"rendered":"<p>Torre\u00f3n, Coahuila. A 27 de julio de 2025 A trav\u00e9s de la Direcci\u00f3n de Transporte P\u00fablico Municipal se implementar\u00e1n ajustes en las frecuencias de las unidades en la modalidad de autob\u00fas, debido a la baja en la demanda del servicio por el actual periodo vacacional. Sin embargo, estas medidas priorizar\u00e1n a los usuarios. C\u00e9sar Alvarado [&hellip;]<\/p>\n","protected":false},"author":1,"featured_media":23246,"comment_status":"open","ping_status":"open","sticky":false,"template":"","format":"standard","meta":{"_monsterinsights_skip_tracking":false,"_monsterinsights_sitenote_active":false,"_monsterinsights_sitenote_note":"","_monsterinsights_sitenote_category":0,"footnotes":""},"categories":[1],"tags":[],"_links":{"self":[{"href":"https:\/\/zonalimitrofe-cbnr.com\/index.php\/wp-json\/wp\/v2\/posts\/23243"}],"collection":[{"href":"https:\/\/zonalimitrofe-cbnr.com\/index.php\/wp-json\/wp\/v2\/posts"}],"about":[{"href":"https:\/\/zonalimitrofe-cbnr.com\/index.php\/wp-json\/wp\/v2\/types\/post"}],"author":[{"embeddable":true,"href":"https:\/\/zonalimitrofe-cbnr.com\/index.php\/wp-json\/wp\/v2\/users\/1"}],"replies":[{"embeddable":true,"href":"https:\/\/zonalimitrofe-cbnr.com\/index.php\/wp-json\/wp\/v2\/comments?post=23243"}],"version-history":[{"count":1,"href":"https:\/\/zonalimitrofe-cbnr.com\/index.php\/wp-json\/wp\/v2\/posts\/23243\/revisions"}],"predecessor-version":[{"id":23245,"href":"https:\/\/zonalimitrofe-cbnr.com\/index.php\/wp-json\/wp\/v2\/posts\/23243\/revisions\/23245"}],"wp:featuredmedia":[{"embeddable":true,"href":"https:\/\/zonalimitrofe-cbnr.com\/index.php\/wp-json\/wp\/v2\/media\/23246"}],"wp:attachment":[{"href":"https:\/\/zonalimitrofe-cbnr.com\/index.php\/wp-json\/wp\/v2\/media?parent=23243"}],"wp:term":[{"taxonomy":"category","embeddable":true,"href":"https:\/\/zonalimitrofe-cbnr.com\/index.php\/wp-json\/wp\/v2\/categories?post=23243"},{"taxonomy":"post_tag","embeddable":true,"href":"https:\/\/zonalimitrofe-cbnr.com\/index.php\/wp-json\/wp\/v2\/tags?post=23243"}],"curies":[{"name":"wp","href":"https:\/\/api.w.org\/{rel}","templated":true}]}}