{"id":23234,"date":"2025-07-27T12:31:02","date_gmt":"2025-07-27T18:31:02","guid":{"rendered":"https:\/\/zonalimitrofe-cbnr.com\/?p=23234"},"modified":"2025-07-27T12:31:02","modified_gmt":"2025-07-27T18:31:02","slug":"gp-ayuntamiento-de-gomez-palacio-vela-por-los-derechos-de-los-ninos","status":"publish","type":"post","link":"https:\/\/zonalimitrofe-cbnr.com\/index.php\/2025\/07\/27\/gp-ayuntamiento-de-gomez-palacio-vela-por-los-derechos-de-los-ninos\/","title":{"rendered":"#GP. Ayuntamiento de G\u00f3mez Palacio vela por los derechos de los ni\u00f1os*"},"content":{"rendered":"\n<p>Pide denunciar casos de trabajo infantil<\/p>\n\n\n\n<p>Con el objetivo de proteger los derechos de los m\u00e1s ni\u00f1os y adolescentes, el Ayuntamiento de G\u00f3mez Palacio, a trav\u00e9s del Sistema para el Desarrollo Integral de la Familia (DIF), exhorta a la ciudadan\u00eda a contribuir con acciones preventivas para erradicar el trabajo infantil.<\/p>\n\n\n\n<p>Brenda Calder\u00f3n Carrete, titular del DIF, coment\u00f3 que, por indicaciones de la Presidenta Municipal Leticia Herrera Ale, quien busca que los infantes de G\u00f3mez Palacio crezcan en un ambiente y entorno social donde sus derechos sean respetados, se ha formado una colaboraci\u00f3n con otras dependencias municipales, lo que ha logrado una disminuci\u00f3n significativa en los casos de trabajo infantil.<\/p>\n\n\n\n<p>\u201cAunque los casos han bajado considerablemente, no debemos bajar la guardia ante esta realidad, por lo que pedimos realizar de manera an\u00f3nima cualquier caso a trav\u00e9s de los n\u00fameros telef\u00f3nicos 871 714 21 27 y 871 714 92 86. Al cierre de este a\u00f1o, tuvimos el caso de una menor de 5 a\u00f1os que, por indicaciones de su padre, vend\u00eda paletas de dulce sobre la calzada Agust\u00edn Castro. Por ello, personal del DIF acudi\u00f3 al lugar para recoger a la menor y brindarle la atenci\u00f3n integral que se merece, restituyendo todos sus derechos, tal y como lo ha encomendado la Presidenta Municipal Leticia Herrera Ale\u201d, se\u00f1al\u00f3 la funcionaria.<\/p>\n\n\n\n<p>Indic\u00f3 que las dependencias que trabajan en conjunto con el DIF son el Agrupamiento Violeta, adscrito a la Direcci\u00f3n de Seguridad P\u00fablica, as\u00ed como la Procuradur\u00eda de Ni\u00f1as, Ni\u00f1os y Adolescentes, lo que ha permitido una mayor atenci\u00f3n y, como resultado, una disminuci\u00f3n en los casos de trabajo infantil.<\/p>\n\n\n\n<p>Finalmente, la funcionaria destac\u00f3 que, por indicaciones de la primera autoridad del municipio, el objetivo es garantizar que todos los ni\u00f1os y ni\u00f1as de G\u00f3mez Palacio vean respetados sus derechos humanos, adem\u00e1s de brindarles un ambiente sano para su desarrollo. \u201cEn el DIF estamos atentos, ya que trabajamos los 365 d\u00edas del a\u00f1o, 24 horas al d\u00eda, los siete d\u00edas de la semana, brindando atenci\u00f3n y resguardo a los menores que lo necesiten\u201d, concluy\u00f3.<\/p>\n","protected":false},"excerpt":{"rendered":"<p>Pide denunciar casos de trabajo infantil Con el objetivo de proteger los derechos de los m\u00e1s ni\u00f1os y adolescentes, el Ayuntamiento de G\u00f3mez Palacio, a trav\u00e9s del Sistema para el Desarrollo Integral de la Familia (DIF), exhorta a la ciudadan\u00eda a contribuir con acciones preventivas para erradicar el trabajo infantil. Brenda Calder\u00f3n Carrete, titular del [&hellip;]<\/p>\n","protected":false},"author":1,"featured_media":23235,"comment_status":"open","ping_status":"open","sticky":false,"template":"","format":"standard","meta":{"_monsterinsights_skip_tracking":false,"_monsterinsights_sitenote_active":false,"_monsterinsights_sitenote_note":"","_monsterinsights_sitenote_category":0,"footnotes":""},"categories":[1],"tags":[],"_links":{"self":[{"href":"https:\/\/zonalimitrofe-cbnr.com\/index.php\/wp-json\/wp\/v2\/posts\/23234"}],"collection":[{"href":"https:\/\/zonalimitrofe-cbnr.com\/index.php\/wp-json\/wp\/v2\/posts"}],"about":[{"href":"https:\/\/zonalimitrofe-cbnr.com\/index.php\/wp-json\/wp\/v2\/types\/post"}],"author":[{"embeddable":true,"href":"https:\/\/zonalimitrofe-cbnr.com\/index.php\/wp-json\/wp\/v2\/users\/1"}],"replies":[{"embeddable":true,"href":"https:\/\/zonalimitrofe-cbnr.com\/index.php\/wp-json\/wp\/v2\/comments?post=23234"}],"version-history":[{"count":1,"href":"https:\/\/zonalimitrofe-cbnr.com\/index.php\/wp-json\/wp\/v2\/posts\/23234\/revisions"}],"predecessor-version":[{"id":23236,"href":"https:\/\/zonalimitrofe-cbnr.com\/index.php\/wp-json\/wp\/v2\/posts\/23234\/revisions\/23236"}],"wp:featuredmedia":[{"embeddable":true,"href":"https:\/\/zonalimitrofe-cbnr.com\/index.php\/wp-json\/wp\/v2\/media\/23235"}],"wp:attachment":[{"href":"https:\/\/zonalimitrofe-cbnr.com\/index.php\/wp-json\/wp\/v2\/media?parent=23234"}],"wp:term":[{"taxonomy":"category","embeddable":true,"href":"https:\/\/zonalimitrofe-cbnr.com\/index.php\/wp-json\/wp\/v2\/categories?post=23234"},{"taxonomy":"post_tag","embeddable":true,"href":"https:\/\/zonalimitrofe-cbnr.com\/index.php\/wp-json\/wp\/v2\/tags?post=23234"}],"curies":[{"name":"wp","href":"https:\/\/api.w.org\/{rel}","templated":true}]}}