{"id":23225,"date":"2025-07-26T17:33:13","date_gmt":"2025-07-26T23:33:13","guid":{"rendered":"https:\/\/zonalimitrofe-cbnr.com\/?p=23225"},"modified":"2025-07-26T17:33:14","modified_gmt":"2025-07-26T23:33:14","slug":"torreon-paseo-colon-incrementa-afluencia-de-asistentes-por-temporada-vacacional","status":"publish","type":"post","link":"https:\/\/zonalimitrofe-cbnr.com\/index.php\/2025\/07\/26\/torreon-paseo-colon-incrementa-afluencia-de-asistentes-por-temporada-vacacional\/","title":{"rendered":"#Torre\u00f3n. Paseo Col\u00f3n incrementa afluencia de asistentes por temporada vacacional"},"content":{"rendered":"\n<p>Torre\u00f3n, Coahuila. A 26 de julio de 2025<\/p>\n\n\n\n<p>Debido al periodo vacacional de verano, el Paseo Col\u00f3n registr\u00f3 un incremento de al menos 2 mil personas m\u00e1s durante su edici\u00f3n del pasado domingo 20 de julio, siendo uno de los espacios distinguidos por concentrar el arte, la cultura y recreaci\u00f3n para las familias de Torre\u00f3n.<\/p>\n\n\n\n<p>Por ello, diversas dependencias municipales, asociaciones civiles, empresas y emprendedores participantes, han reforzado sus actividades para brindar una amplia gama de entretenimiento, orientado a todos los sectores de la poblaci\u00f3n.<\/p>\n\n\n\n<p>Ana del Toro Mu\u00f1oz, titular del Paseo Col\u00f3n y de los Centros Comunitarios de la Direcci\u00f3n de Desarrollo Social, inform\u00f3 que como cada semana, este domingo se contar\u00e1 con un programa art\u00edstico en el escenario principal, destacando el show infantil a cargo de Happy Party, as\u00ed como la presentaci\u00f3n del Baby Ballet del Centro Cultural Pablo C. Moreno.<\/p>\n\n\n\n<p>Adem\u00e1s, dijo que empresas como GWM, Kiosko Travel, Club Lagtor Femenil, Green Power Solutions y Suzuki estar\u00e1n presentes con exhibiciones, din\u00e1micas recreativas y actividades familiares a lo largo de las avenidas Morelos, Matamoros, Ocampo y Allende.<\/p>\n\n\n\n<p>De igual forma, la funcionaria dijo que las distintas dependencias participar\u00e1n con actividades l\u00fadicas, educativas, informativas y de orientaci\u00f3n, que permitir\u00e1n a la ciudadan\u00eda conocer m\u00e1s sobre los servicios y programas que ofrece el Municipio.<\/p>\n\n\n\n<p>\u201cEn este espacio se vive la historia, el arte, la activaci\u00f3n f\u00edsica, y se promueve el talento lagunero con productos elaborados por manos locales, por ello es importante promover este tipo de espacios de convivencia\u201d.<\/p>\n\n\n\n<p>Del Toro Mu\u00f1oz hizo la invitaci\u00f3n a las familias a seguir acudiendo al Paseo Col\u00f3n, resaltando que este espacio forma parte de los objetivos establecidos por la Administraci\u00f3n Municipal del alcalde Rom\u00e1n Alberto Cepeda Gonz\u00e1lez, para impulsar iniciativas que promueven una ciudad m\u00e1s activa y ofrecer din\u00e1micas para fortalecer el sentido de comunidad.<\/p>\n\n\n\n<p><\/p>\n","protected":false},"excerpt":{"rendered":"<p>Torre\u00f3n, Coahuila. A 26 de julio de 2025 Debido al periodo vacacional de verano, el Paseo Col\u00f3n registr\u00f3 un incremento de al menos 2 mil personas m\u00e1s durante su edici\u00f3n del pasado domingo 20 de julio, siendo uno de los espacios distinguidos por concentrar el arte, la cultura y recreaci\u00f3n para las familias de Torre\u00f3n. [&hellip;]<\/p>\n","protected":false},"author":1,"featured_media":23226,"comment_status":"open","ping_status":"open","sticky":false,"template":"","format":"standard","meta":{"_monsterinsights_skip_tracking":false,"_monsterinsights_sitenote_active":false,"_monsterinsights_sitenote_note":"","_monsterinsights_sitenote_category":0,"footnotes":""},"categories":[1],"tags":[],"_links":{"self":[{"href":"https:\/\/zonalimitrofe-cbnr.com\/index.php\/wp-json\/wp\/v2\/posts\/23225"}],"collection":[{"href":"https:\/\/zonalimitrofe-cbnr.com\/index.php\/wp-json\/wp\/v2\/posts"}],"about":[{"href":"https:\/\/zonalimitrofe-cbnr.com\/index.php\/wp-json\/wp\/v2\/types\/post"}],"author":[{"embeddable":true,"href":"https:\/\/zonalimitrofe-cbnr.com\/index.php\/wp-json\/wp\/v2\/users\/1"}],"replies":[{"embeddable":true,"href":"https:\/\/zonalimitrofe-cbnr.com\/index.php\/wp-json\/wp\/v2\/comments?post=23225"}],"version-history":[{"count":1,"href":"https:\/\/zonalimitrofe-cbnr.com\/index.php\/wp-json\/wp\/v2\/posts\/23225\/revisions"}],"predecessor-version":[{"id":23227,"href":"https:\/\/zonalimitrofe-cbnr.com\/index.php\/wp-json\/wp\/v2\/posts\/23225\/revisions\/23227"}],"wp:featuredmedia":[{"embeddable":true,"href":"https:\/\/zonalimitrofe-cbnr.com\/index.php\/wp-json\/wp\/v2\/media\/23226"}],"wp:attachment":[{"href":"https:\/\/zonalimitrofe-cbnr.com\/index.php\/wp-json\/wp\/v2\/media?parent=23225"}],"wp:term":[{"taxonomy":"category","embeddable":true,"href":"https:\/\/zonalimitrofe-cbnr.com\/index.php\/wp-json\/wp\/v2\/categories?post=23225"},{"taxonomy":"post_tag","embeddable":true,"href":"https:\/\/zonalimitrofe-cbnr.com\/index.php\/wp-json\/wp\/v2\/tags?post=23225"}],"curies":[{"name":"wp","href":"https:\/\/api.w.org\/{rel}","templated":true}]}}