{"id":23200,"date":"2025-07-25T19:59:40","date_gmt":"2025-07-26T01:59:40","guid":{"rendered":"https:\/\/zonalimitrofe-cbnr.com\/?p=23200"},"modified":"2025-07-25T19:59:40","modified_gmt":"2025-07-26T01:59:40","slug":"torreon-convocan-a-formar-parte-del-cabildo-juvenil-2025","status":"publish","type":"post","link":"https:\/\/zonalimitrofe-cbnr.com\/index.php\/2025\/07\/25\/torreon-convocan-a-formar-parte-del-cabildo-juvenil-2025\/","title":{"rendered":"#Torre\u00f3n. Convocan a formar parte del \u201cCabildo Juvenil 2025\u201d"},"content":{"rendered":"\n<p>Torre\u00f3n, Coahuila a 25 de julio del 2025<\/p>\n\n\n\n<p>El Ayuntamiento de Torre\u00f3n convoca a las personas de 16 a 29 a\u00f1os a integrarse al modelo de participaci\u00f3n c\u00edvica &#8220;Cabildo Juvenil 2025&#8221;, con el objetivo de contribuir al fortalecimiento de las pol\u00edticas p\u00fablicas, en favor del desarrollo social y del bienestar colectivo del municipio.<\/p>\n\n\n\n<p>Rogelio Salazar Hern\u00e1ndez, titular de la Direcci\u00f3n de la Juventud, indic\u00f3 que este ejercicio tiene como prop\u00f3sito abrir un espacio de di\u00e1logo, deliberaci\u00f3n, debate, formaci\u00f3n y vinculaci\u00f3n, en el que puedan expresar sus ideas, preocupaciones e intereses.<\/p>\n\n\n\n<p>Podr\u00e1n participar quienes cumplan con los requisitos de edad, nacionalidad mexicana y residencia permanente o temporal en el municipio de Torre\u00f3n.<\/p>\n\n\n\n<p>Las y los interesados deber\u00e1n elaborar una propuesta vinculada a las l\u00edneas de acci\u00f3n del Plan de Desarrollo Municipal 2025\u20132027, que aborda temas como: Seguridad y Orden, Infraestructura y Servicios de Calidad, Participaci\u00f3n y Buen Gobierno, Fortalecimiento Econ\u00f3mico, y Unidad de Desarrollo Humano.<\/p>\n\n\n\n<p>Las personas que deseen participar deber\u00e1n presentar su propuesta por escrito y registrarse en la Direcci\u00f3n de Atenci\u00f3n a la Juventud, ubicada en bulevar Revoluci\u00f3n sin n\u00famero, colonia Luis Echeverr\u00eda, en horario de atenci\u00f3n de lunes a viernes, de 08:00 a 16:00 horas.<\/p>\n\n\n\n<p>Adem\u00e1s, los aspirantes deber\u00e1n entregar copias simples de su acta de nacimiento, identificaci\u00f3n oficial con domicilio en Torre\u00f3n, en caso de ser menores de edad, deber\u00e1n presentar una carta de residencia, as\u00ed como la autorizaci\u00f3n por escrito de madre, padre o tutor, y el consentimiento para el uso de imagen.<\/p>\n\n\n\n<p>El Cabildo estar\u00e1 conformado por 21 j\u00f3venes que ser\u00e1n seleccionados mediante un proceso de evaluaci\u00f3n a cargo de un Comit\u00e9 Dictaminador. Los cargos a ocupar ser\u00e1n los de Presidente o Presidenta, Secretario o Secretaria, 17 regidores o regidoras y dos s\u00edndicos o s\u00edndicas.<\/p>\n\n\n\n<p>\u201cSe observar\u00e1 el principio de paridad de g\u00e9nero y se garantizar\u00e1 la inclusi\u00f3n de al menos tres personas en situaci\u00f3n de vulnerabilidad, conforme a lo establecido en la Carta de Derechos Pol\u00edticos de Coahuila\u201d, destac\u00f3 Salazar Hern\u00e1ndez.<\/p>\n\n\n\n<p>Mencion\u00f3 que el proceso de evaluaci\u00f3n se llevar\u00e1 a cabo dos d\u00edas h\u00e1biles posteriores al cierre de la etapa de registro, y contemplar\u00e1 criterios como estructura metodol\u00f3gica, originalidad, viabilidad de la propuesta, dominio del tema y calidad del contenido.<\/p>\n\n\n\n<p>Los resultados del Comit\u00e9 Dictaminador se publicar\u00e1n en las p\u00e1ginas oficiales de Facebook: Municipio de Torre\u00f3n y Direcci\u00f3n de la Juventud \u2013 Torre\u00f3n, el d\u00eda h\u00e1bil siguiente a la evaluaci\u00f3n.<\/p>\n\n\n\n<p>La sesi\u00f3n del &#8220;Cabildo Juvenil 2025&#8221; se llevar\u00e1 a cabo el 29 de agosto de 2025.<\/p>\n\n\n\n<p>Las y los interesados pueden consultar las bases en la p\u00e1gina web oficial del Ayuntamiento de Torre\u00f3n www.torreon.gob.mx<\/p>\n","protected":false},"excerpt":{"rendered":"<p>Torre\u00f3n, Coahuila a 25 de julio del 2025 El Ayuntamiento de Torre\u00f3n convoca a las personas de 16 a 29 a\u00f1os a integrarse al modelo de participaci\u00f3n c\u00edvica &#8220;Cabildo Juvenil 2025&#8221;, con el objetivo de contribuir al fortalecimiento de las pol\u00edticas p\u00fablicas, en favor del desarrollo social y del bienestar colectivo del municipio. Rogelio Salazar [&hellip;]<\/p>\n","protected":false},"author":1,"featured_media":23201,"comment_status":"open","ping_status":"open","sticky":false,"template":"","format":"standard","meta":{"_monsterinsights_skip_tracking":false,"_monsterinsights_sitenote_active":false,"_monsterinsights_sitenote_note":"","_monsterinsights_sitenote_category":0,"footnotes":""},"categories":[1],"tags":[],"_links":{"self":[{"href":"https:\/\/zonalimitrofe-cbnr.com\/index.php\/wp-json\/wp\/v2\/posts\/23200"}],"collection":[{"href":"https:\/\/zonalimitrofe-cbnr.com\/index.php\/wp-json\/wp\/v2\/posts"}],"about":[{"href":"https:\/\/zonalimitrofe-cbnr.com\/index.php\/wp-json\/wp\/v2\/types\/post"}],"author":[{"embeddable":true,"href":"https:\/\/zonalimitrofe-cbnr.com\/index.php\/wp-json\/wp\/v2\/users\/1"}],"replies":[{"embeddable":true,"href":"https:\/\/zonalimitrofe-cbnr.com\/index.php\/wp-json\/wp\/v2\/comments?post=23200"}],"version-history":[{"count":1,"href":"https:\/\/zonalimitrofe-cbnr.com\/index.php\/wp-json\/wp\/v2\/posts\/23200\/revisions"}],"predecessor-version":[{"id":23202,"href":"https:\/\/zonalimitrofe-cbnr.com\/index.php\/wp-json\/wp\/v2\/posts\/23200\/revisions\/23202"}],"wp:featuredmedia":[{"embeddable":true,"href":"https:\/\/zonalimitrofe-cbnr.com\/index.php\/wp-json\/wp\/v2\/media\/23201"}],"wp:attachment":[{"href":"https:\/\/zonalimitrofe-cbnr.com\/index.php\/wp-json\/wp\/v2\/media?parent=23200"}],"wp:term":[{"taxonomy":"category","embeddable":true,"href":"https:\/\/zonalimitrofe-cbnr.com\/index.php\/wp-json\/wp\/v2\/categories?post=23200"},{"taxonomy":"post_tag","embeddable":true,"href":"https:\/\/zonalimitrofe-cbnr.com\/index.php\/wp-json\/wp\/v2\/tags?post=23200"}],"curies":[{"name":"wp","href":"https:\/\/api.w.org\/{rel}","templated":true}]}}