{"id":23190,"date":"2025-07-25T19:50:57","date_gmt":"2025-07-26T01:50:57","guid":{"rendered":"https:\/\/zonalimitrofe-cbnr.com\/?p=23190"},"modified":"2025-07-25T19:50:57","modified_gmt":"2025-07-26T01:50:57","slug":"coahuila-entregan-presea-saltillo-2025","status":"publish","type":"post","link":"https:\/\/zonalimitrofe-cbnr.com\/index.php\/2025\/07\/25\/coahuila-entregan-presea-saltillo-2025\/","title":{"rendered":"#Coahuila. ENTREGAN PRESEA SALTILLO 2025"},"content":{"rendered":"\n<p>Saltillo, Coahuila de Zaragoza; a 25 de julio de 2025.- \u201cLa grandeza de Saltillo radica en su gente\u201d, mencion\u00f3 el gobernador Manolo Jim\u00e9nez Salinas al acompa\u00f1ar a Javier D\u00edaz Gonz\u00e1lez, alcalde de Saltillo, en la Sesi\u00f3n Solemne de Cabildo por motivo del 448 aniversario de la ciudad, ceremonia en la que se entreg\u00f3 la Presea Saltillo.<\/p>\n\n\n\n<p>&#8220;La grandeza de Saltillo se debe a la grandeza de nuestra gente! Por ello, cada a\u00f1o se entrega la Presea Saltillo, para reconocer a quienes han dejado huella y han contribuido al crecimiento de la capital de Coahuila. Este 2025, junto con el alcalde Javier D\u00edaz y el Cabildo, entregamos esta presea a los bomberos, a la medallista ol\u00edmpica \u00c1ngela Ruiz y en la categor\u00eda post mortem a Do\u00f1a Marcedes Murgu\u00eda y al Dr. Enrique S\u00e1enz. \u00a1Enhorabuena! \u00a1Felicidades Saltillo, por estos 448 a\u00f1os de historia!&#8221;, se\u00f1al\u00f3 el gobernador.<\/p>\n\n\n\n<p>En su mensaje, Manolo Jim\u00e9nez felicit\u00f3 a las y los galardonados y a sus familias al decir que los ganadores de la Presea Saltillo son orgullo y un gran ejemplo para toda la comunidad.<\/p>\n\n\n\n<p>Coment\u00f3 que este 448 aniversario debe servir para reflexionar que las y los saltillenses viven en un gran municipio, y que su grandeza radica en su gente, lo que se confirma a\u00f1o con a\u00f1o con la entrega de esta presea.<\/p>\n\n\n\n<p>Mencion\u00f3 que en Saltillo hay desarrollo, empleo, calidad de vida y seguridad, y que su grandeza esta ligada a nuestros ancestros y a todos aquellos que decidieron venir a esta regi\u00f3n, o que nacieron aqu\u00ed.<\/p>\n\n\n\n<p>\u201cLa gran mayor\u00eda de las y los coahuilenses entendemos que Saltillo y Coahuila son el punto de encuentro entre todas y todos\u201d, expres\u00f3.<\/p>\n\n\n\n<p>Manolo Jim\u00e9nez invit\u00f3 a todas y todos a seguir trabajando en equipo sociedad, iniciativa privada y gobierno, y mantener los indicadores que en conjunto se han logrado para la capital del estado y para todo Coahuila.<\/p>\n\n\n\n<p>Javier D\u00edaz Gonz\u00e1lez, alcalde de Saltillo expres\u00f3 que la reuni\u00f3n de este d\u00eda es para rendir homenaje al legado de quienes con su ejemplo y trabajo han hecho de esta ciudad un referente nacional.<\/p>\n\n\n\n<p>\u201cCon visi\u00f3n, trabajo, unidad, y con la gran visi\u00f3n de nuestro gobernador Manolo Jim\u00e9nez estamos llevando a Saltillo al siguiente nivel\u201d, mencion\u00f3.<\/p>\n\n\n\n<p>Destac\u00f3 que gracias al trabajo en equipo, hoy Coahuila es modelo nacional en seguridad y desarrollo.<\/p>\n","protected":false},"excerpt":{"rendered":"<p>Saltillo, Coahuila de Zaragoza; a 25 de julio de 2025.- \u201cLa grandeza de Saltillo radica en su gente\u201d, mencion\u00f3 el gobernador Manolo Jim\u00e9nez Salinas al acompa\u00f1ar a Javier D\u00edaz Gonz\u00e1lez, alcalde de Saltillo, en la Sesi\u00f3n Solemne de Cabildo por motivo del 448 aniversario de la ciudad, ceremonia en la que se entreg\u00f3 la Presea [&hellip;]<\/p>\n","protected":false},"author":1,"featured_media":23191,"comment_status":"open","ping_status":"open","sticky":false,"template":"","format":"standard","meta":{"_monsterinsights_skip_tracking":false,"_monsterinsights_sitenote_active":false,"_monsterinsights_sitenote_note":"","_monsterinsights_sitenote_category":0,"footnotes":""},"categories":[1],"tags":[],"_links":{"self":[{"href":"https:\/\/zonalimitrofe-cbnr.com\/index.php\/wp-json\/wp\/v2\/posts\/23190"}],"collection":[{"href":"https:\/\/zonalimitrofe-cbnr.com\/index.php\/wp-json\/wp\/v2\/posts"}],"about":[{"href":"https:\/\/zonalimitrofe-cbnr.com\/index.php\/wp-json\/wp\/v2\/types\/post"}],"author":[{"embeddable":true,"href":"https:\/\/zonalimitrofe-cbnr.com\/index.php\/wp-json\/wp\/v2\/users\/1"}],"replies":[{"embeddable":true,"href":"https:\/\/zonalimitrofe-cbnr.com\/index.php\/wp-json\/wp\/v2\/comments?post=23190"}],"version-history":[{"count":1,"href":"https:\/\/zonalimitrofe-cbnr.com\/index.php\/wp-json\/wp\/v2\/posts\/23190\/revisions"}],"predecessor-version":[{"id":23192,"href":"https:\/\/zonalimitrofe-cbnr.com\/index.php\/wp-json\/wp\/v2\/posts\/23190\/revisions\/23192"}],"wp:featuredmedia":[{"embeddable":true,"href":"https:\/\/zonalimitrofe-cbnr.com\/index.php\/wp-json\/wp\/v2\/media\/23191"}],"wp:attachment":[{"href":"https:\/\/zonalimitrofe-cbnr.com\/index.php\/wp-json\/wp\/v2\/media?parent=23190"}],"wp:term":[{"taxonomy":"category","embeddable":true,"href":"https:\/\/zonalimitrofe-cbnr.com\/index.php\/wp-json\/wp\/v2\/categories?post=23190"},{"taxonomy":"post_tag","embeddable":true,"href":"https:\/\/zonalimitrofe-cbnr.com\/index.php\/wp-json\/wp\/v2\/tags?post=23190"}],"curies":[{"name":"wp","href":"https:\/\/api.w.org\/{rel}","templated":true}]}}