{"id":23181,"date":"2025-07-25T19:44:40","date_gmt":"2025-07-26T01:44:40","guid":{"rendered":"https:\/\/zonalimitrofe-cbnr.com\/?p=23181"},"modified":"2025-07-25T19:44:41","modified_gmt":"2025-07-26T01:44:41","slug":"durango-avanza-en-seguridad-baja-10-puntos-la-percepcion-de-inseguridad-reporta-inegi","status":"publish","type":"post","link":"https:\/\/zonalimitrofe-cbnr.com\/index.php\/2025\/07\/25\/durango-avanza-en-seguridad-baja-10-puntos-la-percepcion-de-inseguridad-reporta-inegi\/","title":{"rendered":"#Durango avanza en seguridad: baja 10 puntos la percepci\u00f3n de inseguridad, reporta INEGI*"},"content":{"rendered":"\n<p>* _La capital duranguense pas\u00f3 de 46.3% a 36.8% en percepci\u00f3n de inseguridad en solo tres meses._<\/p>\n\n\n\n<p>* _Tambi\u00e9n baj\u00f3 en la Comarca Lagunera: G\u00f3mez Palacio y Lerdo mejoran sus indicadores._<\/p>\n\n\n\n<p>Durango contin\u00faa consolid\u00e1ndose como una de las entidades m\u00e1s seguras del pa\u00eds, de acuerdo con los resultados m\u00e1s recientes de la Encuesta Nacional de Seguridad P\u00fablica Urbana (ENSU) elaborada por el INEGI. Entre el primer y segundo trimestre de 2025, la percepci\u00f3n de inseguridad en la ciudad de Durango baj\u00f3 10 puntos porcentuales, al pasar de 46.3% en marzo a 36.8% en junio.<\/p>\n\n\n\n<p>Este resultado positivo es reflejo de la estrategia de seguridad implementada por el gobernador Esteban Villegas Villarreal y el trabajo diario que se realiza desde las Mesas de Construcci\u00f3n de Paz y Seguridad, donde participan los tres \u00f3rdenes de gobierno. En ellas intervienen de forma coordinada la Secretar\u00eda de la Defensa Nacional, la Guardia Nacional, la Fiscal\u00eda General de la Rep\u00fablica, el Centro Nacional de Inteligencia, la Fiscal\u00eda General del Estado y las corporaciones estatales y municipales a trav\u00e9s del Mando \u00danico.<\/p>\n\n\n\n<p>El secretario de Seguridad P\u00fablica del Estado, \u00d3scar Galv\u00e1n Villarreal, atribuy\u00f3 esta reducci\u00f3n a la implementaci\u00f3n constante de una estrategia integral de seguridad que se aplica diariamente en todo el estado, con coordinaci\u00f3n efectiva entre los tres \u00f3rdenes de gobierno.<\/p>\n\n\n\n<p>La tendencia tambi\u00e9n se reflej\u00f3 en la Comarca Lagunera, donde la percepci\u00f3n de inseguridad en G\u00f3mez Palacio y Lerdo pas\u00f3 de 44.7% en marzo a 42.5% en junio. Ah\u00ed opera el Mando Especial Laguna, como parte del modelo de atenci\u00f3n territorial con enfoque regional.<\/p>\n\n\n\n<p>Estas cifras posicionan a Durango entre las capitales con mayor disminuci\u00f3n en percepci\u00f3n de inseguridad, superando a ciudades como Aguascalientes (42.2%) o Saltillo (39.6%), y muy por debajo del promedio nacional, que se ubic\u00f3 en 61.4%.<\/p>\n","protected":false},"excerpt":{"rendered":"<p>* _La capital duranguense pas\u00f3 de 46.3% a 36.8% en percepci\u00f3n de inseguridad en solo tres meses._ * _Tambi\u00e9n baj\u00f3 en la Comarca Lagunera: G\u00f3mez Palacio y Lerdo mejoran sus indicadores._ Durango contin\u00faa consolid\u00e1ndose como una de las entidades m\u00e1s seguras del pa\u00eds, de acuerdo con los resultados m\u00e1s recientes de la Encuesta Nacional de [&hellip;]<\/p>\n","protected":false},"author":1,"featured_media":23182,"comment_status":"open","ping_status":"open","sticky":false,"template":"","format":"standard","meta":{"_monsterinsights_skip_tracking":false,"_monsterinsights_sitenote_active":false,"_monsterinsights_sitenote_note":"","_monsterinsights_sitenote_category":0,"footnotes":""},"categories":[1],"tags":[],"_links":{"self":[{"href":"https:\/\/zonalimitrofe-cbnr.com\/index.php\/wp-json\/wp\/v2\/posts\/23181"}],"collection":[{"href":"https:\/\/zonalimitrofe-cbnr.com\/index.php\/wp-json\/wp\/v2\/posts"}],"about":[{"href":"https:\/\/zonalimitrofe-cbnr.com\/index.php\/wp-json\/wp\/v2\/types\/post"}],"author":[{"embeddable":true,"href":"https:\/\/zonalimitrofe-cbnr.com\/index.php\/wp-json\/wp\/v2\/users\/1"}],"replies":[{"embeddable":true,"href":"https:\/\/zonalimitrofe-cbnr.com\/index.php\/wp-json\/wp\/v2\/comments?post=23181"}],"version-history":[{"count":1,"href":"https:\/\/zonalimitrofe-cbnr.com\/index.php\/wp-json\/wp\/v2\/posts\/23181\/revisions"}],"predecessor-version":[{"id":23183,"href":"https:\/\/zonalimitrofe-cbnr.com\/index.php\/wp-json\/wp\/v2\/posts\/23181\/revisions\/23183"}],"wp:featuredmedia":[{"embeddable":true,"href":"https:\/\/zonalimitrofe-cbnr.com\/index.php\/wp-json\/wp\/v2\/media\/23182"}],"wp:attachment":[{"href":"https:\/\/zonalimitrofe-cbnr.com\/index.php\/wp-json\/wp\/v2\/media?parent=23181"}],"wp:term":[{"taxonomy":"category","embeddable":true,"href":"https:\/\/zonalimitrofe-cbnr.com\/index.php\/wp-json\/wp\/v2\/categories?post=23181"},{"taxonomy":"post_tag","embeddable":true,"href":"https:\/\/zonalimitrofe-cbnr.com\/index.php\/wp-json\/wp\/v2\/tags?post=23181"}],"curies":[{"name":"wp","href":"https:\/\/api.w.org\/{rel}","templated":true}]}}