{"id":23172,"date":"2025-07-25T19:34:11","date_gmt":"2025-07-26T01:34:11","guid":{"rendered":"https:\/\/zonalimitrofe-cbnr.com\/?p=23172"},"modified":"2025-07-25T19:34:11","modified_gmt":"2025-07-26T01:34:11","slug":"torreon-coordinan-esfuerzos-para-ofrecer-un-mejor-servicio-de-transporte-publico","status":"publish","type":"post","link":"https:\/\/zonalimitrofe-cbnr.com\/index.php\/2025\/07\/25\/torreon-coordinan-esfuerzos-para-ofrecer-un-mejor-servicio-de-transporte-publico\/","title":{"rendered":"#Torre\u00f3n. Coordinan esfuerzos para ofrecer un mejor servicio de transporte p\u00fablico"},"content":{"rendered":"\n<p>Torre\u00f3n, Coahuila a 25 de julio del 2025.- En cumplimiento al compromiso de la Administraci\u00f3n Municipal del alcalde Rom\u00e1n Alberto Cepeda Gonz\u00e1lez, de consolidar un sistema de transporte p\u00fablico m\u00e1s seguro, incluyente y con perspectiva de g\u00e9nero, se llev\u00f3 a cabo la primera jornada de capacitaci\u00f3n conjunta dirigida a operadores del servicio de autob\u00fas. Personal del Instituto Municipal de la Mujer (IMM), en coordinaci\u00f3n con la Direcci\u00f3n de Transporte P\u00fablico Municipal, capacitaron a 27 operadores, quienes participaron en actividades orientadas a sensibilizar y reforzar su rol como agentes preventivos ante situaciones de violencia hacia las mujeres. Amira Darwich Garc\u00eda, directora del Instituto Municipal de la Mujer, mencion\u00f3 que esta acci\u00f3n conjunta constituye un paso relevante hacia la consolidaci\u00f3n de un sistema de transporte p\u00fablico m\u00e1s profesional, consciente y comprometido con la protecci\u00f3n y el bienestar de todas las personas usuarias de este servicio, especialmente de las mujeres torreonenses.<\/p>\n\n\n\n<p>Durante el encuentro, Ana Karen Villegas, representante del IMM, abord\u00f3 los lineamientos del Protocolo de Atenci\u00f3n a Mujeres V\u00edctimas de Violencia, haciendo \u00e9nfasis en la necesidad de actuar con empat\u00eda, respeto y bajo una perspectiva de g\u00e9nero en el ejercicio de sus funciones.<\/p>\n\n\n\n<p>Por su parte, Sahara Cecilia Soto Puentes, en representaci\u00f3n de la Direcci\u00f3n de Transporte P\u00fablico Municipal, imparti\u00f3 la capacitaci\u00f3n titulada \u201cProfesionalizaci\u00f3n de Operadores del Transporte P\u00fablico\u201d, con el prop\u00f3sito de fortalecer las capacidades t\u00e9cnicas del personal operativo, elevando con ello los est\u00e1ndares de calidad del servicio.<\/p>\n\n\n\n<p>La jornada se extender\u00e1 a otros grupos de operadores de autob\u00fas, quienes se han sumado activamente al objetivo de la Administraci\u00f3n Municipal por brindar un mejor servicio a los usuarios del transporte p\u00fablico.<\/p>\n","protected":false},"excerpt":{"rendered":"<p>Torre\u00f3n, Coahuila a 25 de julio del 2025.- En cumplimiento al compromiso de la Administraci\u00f3n Municipal del alcalde Rom\u00e1n Alberto Cepeda Gonz\u00e1lez, de consolidar un sistema de transporte p\u00fablico m\u00e1s seguro, incluyente y con perspectiva de g\u00e9nero, se llev\u00f3 a cabo la primera jornada de capacitaci\u00f3n conjunta dirigida a operadores del servicio de autob\u00fas. Personal [&hellip;]<\/p>\n","protected":false},"author":1,"featured_media":23173,"comment_status":"open","ping_status":"open","sticky":false,"template":"","format":"standard","meta":{"_monsterinsights_skip_tracking":false,"_monsterinsights_sitenote_active":false,"_monsterinsights_sitenote_note":"","_monsterinsights_sitenote_category":0,"footnotes":""},"categories":[1],"tags":[],"_links":{"self":[{"href":"https:\/\/zonalimitrofe-cbnr.com\/index.php\/wp-json\/wp\/v2\/posts\/23172"}],"collection":[{"href":"https:\/\/zonalimitrofe-cbnr.com\/index.php\/wp-json\/wp\/v2\/posts"}],"about":[{"href":"https:\/\/zonalimitrofe-cbnr.com\/index.php\/wp-json\/wp\/v2\/types\/post"}],"author":[{"embeddable":true,"href":"https:\/\/zonalimitrofe-cbnr.com\/index.php\/wp-json\/wp\/v2\/users\/1"}],"replies":[{"embeddable":true,"href":"https:\/\/zonalimitrofe-cbnr.com\/index.php\/wp-json\/wp\/v2\/comments?post=23172"}],"version-history":[{"count":1,"href":"https:\/\/zonalimitrofe-cbnr.com\/index.php\/wp-json\/wp\/v2\/posts\/23172\/revisions"}],"predecessor-version":[{"id":23174,"href":"https:\/\/zonalimitrofe-cbnr.com\/index.php\/wp-json\/wp\/v2\/posts\/23172\/revisions\/23174"}],"wp:featuredmedia":[{"embeddable":true,"href":"https:\/\/zonalimitrofe-cbnr.com\/index.php\/wp-json\/wp\/v2\/media\/23173"}],"wp:attachment":[{"href":"https:\/\/zonalimitrofe-cbnr.com\/index.php\/wp-json\/wp\/v2\/media?parent=23172"}],"wp:term":[{"taxonomy":"category","embeddable":true,"href":"https:\/\/zonalimitrofe-cbnr.com\/index.php\/wp-json\/wp\/v2\/categories?post=23172"},{"taxonomy":"post_tag","embeddable":true,"href":"https:\/\/zonalimitrofe-cbnr.com\/index.php\/wp-json\/wp\/v2\/tags?post=23172"}],"curies":[{"name":"wp","href":"https:\/\/api.w.org\/{rel}","templated":true}]}}