{"id":23169,"date":"2025-07-25T19:31:23","date_gmt":"2025-07-26T01:31:23","guid":{"rendered":"https:\/\/zonalimitrofe-cbnr.com\/?p=23169"},"modified":"2025-07-25T19:31:23","modified_gmt":"2025-07-26T01:31:23","slug":"lerdo-iniciara-en-septembre-escalon-de-adiestramiento-del-smn","status":"publish","type":"post","link":"https:\/\/zonalimitrofe-cbnr.com\/index.php\/2025\/07\/25\/lerdo-iniciara-en-septembre-escalon-de-adiestramiento-del-smn\/","title":{"rendered":"#Lerdo. INICIAR\u00c1 EN SEPTEMBRE, ESCAL\u00d3N DE ADIESTRAMIENTO DEL SMN*"},"content":{"rendered":"\n<p>Lerdo, 25 de julio 2025.- El Gobierno Municipal de Lerdo, en coordinaci\u00f3n con la Secretar\u00eda de la Defensa Nacional y el 72\u00b0 Batall\u00f3n de Infanter\u00eda, hacen de su conocimiento a los interesados que el 3\/er Escal\u00f3n de Adiestramiento del Servicio Militar Nacional, en su modalidad de encuadrado, se realizar\u00e1 del 22 de septiembre al 12 de diciembre del presente a\u00f1o.<\/p>\n\n\n\n<p>Otorgando beneficios, como la liberaci\u00f3n de cartilla SMN en tres meses, credencial plastificada, certificado de estudio en \u201cprotecci\u00f3n civil\u201d expedido por el CONAPRED, as\u00ed como vestuario y equipo, alojamiento, alimentaci\u00f3n, servicio m\u00e9dico, percepci\u00f3n de sueldo recreativa estudiantil, y amplia bolsa de trabajo una vez egresado.<\/p>\n\n\n\n<p>Para solicitar m\u00e1s informaci\u00f3n, se ponen a disposici\u00f3n los tel\u00e9fonos 87 19 59 54 71 y 81 43 82 16 47.<\/p>\n\n\n\n<p>El Escal\u00f3n de Adiestramiento ser\u00e1 en las instalaciones de la 3\/a Compa\u00f1\u00eda del Servicio Militar Nacional, al interior del Campo Militar No, 10-A \u201cGeneral Brigadier Orestes Pereyra\u201d en Durango.<\/p>\n","protected":false},"excerpt":{"rendered":"<p>Lerdo, 25 de julio 2025.- El Gobierno Municipal de Lerdo, en coordinaci\u00f3n con la Secretar\u00eda de la Defensa Nacional y el 72\u00b0 Batall\u00f3n de Infanter\u00eda, hacen de su conocimiento a los interesados que el 3\/er Escal\u00f3n de Adiestramiento del Servicio Militar Nacional, en su modalidad de encuadrado, se realizar\u00e1 del 22 de septiembre al 12 [&hellip;]<\/p>\n","protected":false},"author":1,"featured_media":23170,"comment_status":"open","ping_status":"open","sticky":false,"template":"","format":"standard","meta":{"_monsterinsights_skip_tracking":false,"_monsterinsights_sitenote_active":false,"_monsterinsights_sitenote_note":"","_monsterinsights_sitenote_category":0,"footnotes":""},"categories":[1],"tags":[],"_links":{"self":[{"href":"https:\/\/zonalimitrofe-cbnr.com\/index.php\/wp-json\/wp\/v2\/posts\/23169"}],"collection":[{"href":"https:\/\/zonalimitrofe-cbnr.com\/index.php\/wp-json\/wp\/v2\/posts"}],"about":[{"href":"https:\/\/zonalimitrofe-cbnr.com\/index.php\/wp-json\/wp\/v2\/types\/post"}],"author":[{"embeddable":true,"href":"https:\/\/zonalimitrofe-cbnr.com\/index.php\/wp-json\/wp\/v2\/users\/1"}],"replies":[{"embeddable":true,"href":"https:\/\/zonalimitrofe-cbnr.com\/index.php\/wp-json\/wp\/v2\/comments?post=23169"}],"version-history":[{"count":1,"href":"https:\/\/zonalimitrofe-cbnr.com\/index.php\/wp-json\/wp\/v2\/posts\/23169\/revisions"}],"predecessor-version":[{"id":23171,"href":"https:\/\/zonalimitrofe-cbnr.com\/index.php\/wp-json\/wp\/v2\/posts\/23169\/revisions\/23171"}],"wp:featuredmedia":[{"embeddable":true,"href":"https:\/\/zonalimitrofe-cbnr.com\/index.php\/wp-json\/wp\/v2\/media\/23170"}],"wp:attachment":[{"href":"https:\/\/zonalimitrofe-cbnr.com\/index.php\/wp-json\/wp\/v2\/media?parent=23169"}],"wp:term":[{"taxonomy":"category","embeddable":true,"href":"https:\/\/zonalimitrofe-cbnr.com\/index.php\/wp-json\/wp\/v2\/categories?post=23169"},{"taxonomy":"post_tag","embeddable":true,"href":"https:\/\/zonalimitrofe-cbnr.com\/index.php\/wp-json\/wp\/v2\/tags?post=23169"}],"curies":[{"name":"wp","href":"https:\/\/api.w.org\/{rel}","templated":true}]}}