{"id":23117,"date":"2025-07-24T15:29:35","date_gmt":"2025-07-24T21:29:35","guid":{"rendered":"https:\/\/zonalimitrofe-cbnr.com\/?p=23117"},"modified":"2025-07-24T15:29:35","modified_gmt":"2025-07-24T21:29:35","slug":"lerdo-rehabilitan-senaletica-vial-y-rampas-del-centro-de-lerdo","status":"publish","type":"post","link":"https:\/\/zonalimitrofe-cbnr.com\/index.php\/2025\/07\/24\/lerdo-rehabilitan-senaletica-vial-y-rampas-del-centro-de-lerdo\/","title":{"rendered":"#Lerdo. Rehabilitan se\u00f1al\u00e9tica vial y rampas del centro de lerdo"},"content":{"rendered":"\n<p>Lerdo, 24 de julio 2025.-Por instrucciones del Presidente Municipal, Dr. Homero Mart\u00ednez Cabrera, personal de la Direcci\u00f3n de Tr\u00e1nsito y Vialidad, encabezado por el director Francisco Hoyos, llev\u00f3 a cabo trabajos de rehabilitaci\u00f3n de se\u00f1al\u00e9tica, pasos peatonales, rampas para personas con discapacidad, pintura de bordos y se\u00f1alamientos de alto en el primer cuadro municipio.<\/p>\n\n\n\n<p>Estas acciones forman parte de un esfuerzo integral por mejorar la movilidad urbana y garantizar la seguridad vial, especialmente en zonas de alta afluencia durante la temporada vacacional. La intervenci\u00f3n se realizar\u00e1 en puntos estrat\u00e9gicos como Parque Victoria, Plazuela Ju\u00e1rez y Plaza de Armas, lugares concurridos por familias durante fines de semana, eventos culturales y reuniones sociales.<\/p>\n\n\n\n<p>El director de Tr\u00e1nsito y Vialidad, Francisco Hoyos, inform\u00f3 que estas labores se mantendr\u00e1n de forma permanente, con \u00e9nfasis en la accesibilidad universal, a fin de brindar accesos seguros para personas con discapacidad y peatones en general.<\/p>\n\n\n\n<p>El objetivo es evitar accidentes y garantizar que todas las personas puedan transitar libremente por banquetas, cruces y espacios p\u00fablicos, especialmente durante las vacaciones, cuando se incrementa la presencia de ciudadanos y visitantes en la ciudad.<\/p>\n\n\n\n<p>El Gobierno Municipal reafirma as\u00ed su compromiso con una ciudad inclusiva, ordenada y segura, haciendo un llamado a la ciudadan\u00eda a respetar los se\u00f1alamientos viales y contribuir al cuidado de los mismos.<\/p>\n","protected":false},"excerpt":{"rendered":"<p>Lerdo, 24 de julio 2025.-Por instrucciones del Presidente Municipal, Dr. Homero Mart\u00ednez Cabrera, personal de la Direcci\u00f3n de Tr\u00e1nsito y Vialidad, encabezado por el director Francisco Hoyos, llev\u00f3 a cabo trabajos de rehabilitaci\u00f3n de se\u00f1al\u00e9tica, pasos peatonales, rampas para personas con discapacidad, pintura de bordos y se\u00f1alamientos de alto en el primer cuadro municipio. Estas [&hellip;]<\/p>\n","protected":false},"author":1,"featured_media":23118,"comment_status":"open","ping_status":"open","sticky":false,"template":"","format":"standard","meta":{"_monsterinsights_skip_tracking":false,"_monsterinsights_sitenote_active":false,"_monsterinsights_sitenote_note":"","_monsterinsights_sitenote_category":0,"footnotes":""},"categories":[1],"tags":[],"_links":{"self":[{"href":"https:\/\/zonalimitrofe-cbnr.com\/index.php\/wp-json\/wp\/v2\/posts\/23117"}],"collection":[{"href":"https:\/\/zonalimitrofe-cbnr.com\/index.php\/wp-json\/wp\/v2\/posts"}],"about":[{"href":"https:\/\/zonalimitrofe-cbnr.com\/index.php\/wp-json\/wp\/v2\/types\/post"}],"author":[{"embeddable":true,"href":"https:\/\/zonalimitrofe-cbnr.com\/index.php\/wp-json\/wp\/v2\/users\/1"}],"replies":[{"embeddable":true,"href":"https:\/\/zonalimitrofe-cbnr.com\/index.php\/wp-json\/wp\/v2\/comments?post=23117"}],"version-history":[{"count":1,"href":"https:\/\/zonalimitrofe-cbnr.com\/index.php\/wp-json\/wp\/v2\/posts\/23117\/revisions"}],"predecessor-version":[{"id":23119,"href":"https:\/\/zonalimitrofe-cbnr.com\/index.php\/wp-json\/wp\/v2\/posts\/23117\/revisions\/23119"}],"wp:featuredmedia":[{"embeddable":true,"href":"https:\/\/zonalimitrofe-cbnr.com\/index.php\/wp-json\/wp\/v2\/media\/23118"}],"wp:attachment":[{"href":"https:\/\/zonalimitrofe-cbnr.com\/index.php\/wp-json\/wp\/v2\/media?parent=23117"}],"wp:term":[{"taxonomy":"category","embeddable":true,"href":"https:\/\/zonalimitrofe-cbnr.com\/index.php\/wp-json\/wp\/v2\/categories?post=23117"},{"taxonomy":"post_tag","embeddable":true,"href":"https:\/\/zonalimitrofe-cbnr.com\/index.php\/wp-json\/wp\/v2\/tags?post=23117"}],"curies":[{"name":"wp","href":"https:\/\/api.w.org\/{rel}","templated":true}]}}