{"id":23114,"date":"2025-07-24T15:24:57","date_gmt":"2025-07-24T21:24:57","guid":{"rendered":"https:\/\/zonalimitrofe-cbnr.com\/?p=23114"},"modified":"2025-07-24T15:24:57","modified_gmt":"2025-07-24T21:24:57","slug":"torreon-anuncian-tercera-edicion-del-bombero-challenge-en-torreon","status":"publish","type":"post","link":"https:\/\/zonalimitrofe-cbnr.com\/index.php\/2025\/07\/24\/torreon-anuncian-tercera-edicion-del-bombero-challenge-en-torreon\/","title":{"rendered":"#Torre\u00f3n. Anuncian tercera edici\u00f3n del Bombero Challenge en Torre\u00f3n"},"content":{"rendered":"\n<p>Torre\u00f3n, Coahuila a 24 de julio del 2025<\/p>\n\n\n\n<p>Con el objetivo de fomentar la convivencia, evaluar habilidades operativas y fortalecer la preparaci\u00f3n de quienes atienden emergencias, el pr\u00f3ximo s\u00e1bado 16 de agosto se llevar\u00e1 a cabo la tercera edici\u00f3n del Bombero Challenge en la explanada de la Plaza Mayor de Torre\u00f3n.<\/p>\n\n\n\n<p>Esta actividad se enmarca en la conmemoraci\u00f3n del D\u00eda del Bombero, el 22 de agosto, y est\u00e1 dirigida a brigadas contra incendios del sector privado y los elementos de estas dependencias de la Regi\u00f3n Lagunera.<\/p>\n\n\n\n<p>Jorge Luis Ju\u00e1rez Llanas, director de Protecci\u00f3n Civil y Bomberos, destac\u00f3 que el evento representa una oportunidad para que las y los participantes pongan a prueba sus capacidades, afiancen lazos de colaboraci\u00f3n y fortalezcan el esp\u00edritu que caracteriza a quienes se dedican a salvaguardar vidas y bienes.<\/p>\n\n\n\n<p>Subray\u00f3 adem\u00e1s la importancia de fomentar este tipo de actividades que permiten a los bomberos medirse en condiciones reales, recreando escenarios de emergencia.<\/p>\n\n\n\n<p>El director detall\u00f3 que durante la jornada, los equipos enfrentar\u00e1n un circuito compuesto por ocho retos: entrada forzada simulando una puerta, paso por t\u00faneles, superaci\u00f3n de barda, desplazamiento en zigzag portando un extintor, arrastre de llanta, traslado del maniqu\u00ed conocido como Randy, precisi\u00f3n en la Diana utilizando un chorro de agua y ascenso por escaleras de cuatro metros de altura.<\/p>\n\n\n\n<p>Cada etapa est\u00e1 dise\u00f1ada para evaluar resistencia f\u00edsica, t\u00e9cnica, coordinaci\u00f3n y capacidad de respuesta, y una vez superadas todas las pruebas, se calificar\u00e1n los tiempos, habilidad y preparaci\u00f3n demostrada por cada equipo, y se otorgar\u00e1n premios a los de mejor desempe\u00f1o, como una forma de incentivar la excelencia, el compromiso y la entrega.<\/p>\n\n\n\n<p>\u201cM\u00e1s all\u00e1 de la competencia, el Bombero Challenge busca crear un espacio de camarader\u00eda entre compa\u00f1eros y compa\u00f1eras que, en muchos casos, coinciden en la atenci\u00f3n de emergencias reales en la regi\u00f3n\u201d, reiter\u00f3 el funcionario.<\/p>\n\n\n\n<p>Este tipo de ejercicios fortalecen la preparaci\u00f3n de los cuerpos de auxilio y consolidan la coordinaci\u00f3n interinstitucional en beneficio de la ciudadan\u00eda, son parte de los programas de la Administraci\u00f3n Municipal del alcalde Rom\u00e1n Alberto Cepeda<\/p>\n\n\n\n<p>Gonz\u00e1lez para promover acciones que mejoren la seguridad, la capacidad de respuesta y el bienestar de la poblaci\u00f3n<\/p>\n","protected":false},"excerpt":{"rendered":"<p>Torre\u00f3n, Coahuila a 24 de julio del 2025 Con el objetivo de fomentar la convivencia, evaluar habilidades operativas y fortalecer la preparaci\u00f3n de quienes atienden emergencias, el pr\u00f3ximo s\u00e1bado 16 de agosto se llevar\u00e1 a cabo la tercera edici\u00f3n del Bombero Challenge en la explanada de la Plaza Mayor de Torre\u00f3n. Esta actividad se enmarca [&hellip;]<\/p>\n","protected":false},"author":1,"featured_media":23115,"comment_status":"open","ping_status":"open","sticky":false,"template":"","format":"standard","meta":{"_monsterinsights_skip_tracking":false,"_monsterinsights_sitenote_active":false,"_monsterinsights_sitenote_note":"","_monsterinsights_sitenote_category":0,"footnotes":""},"categories":[1],"tags":[],"_links":{"self":[{"href":"https:\/\/zonalimitrofe-cbnr.com\/index.php\/wp-json\/wp\/v2\/posts\/23114"}],"collection":[{"href":"https:\/\/zonalimitrofe-cbnr.com\/index.php\/wp-json\/wp\/v2\/posts"}],"about":[{"href":"https:\/\/zonalimitrofe-cbnr.com\/index.php\/wp-json\/wp\/v2\/types\/post"}],"author":[{"embeddable":true,"href":"https:\/\/zonalimitrofe-cbnr.com\/index.php\/wp-json\/wp\/v2\/users\/1"}],"replies":[{"embeddable":true,"href":"https:\/\/zonalimitrofe-cbnr.com\/index.php\/wp-json\/wp\/v2\/comments?post=23114"}],"version-history":[{"count":1,"href":"https:\/\/zonalimitrofe-cbnr.com\/index.php\/wp-json\/wp\/v2\/posts\/23114\/revisions"}],"predecessor-version":[{"id":23116,"href":"https:\/\/zonalimitrofe-cbnr.com\/index.php\/wp-json\/wp\/v2\/posts\/23114\/revisions\/23116"}],"wp:featuredmedia":[{"embeddable":true,"href":"https:\/\/zonalimitrofe-cbnr.com\/index.php\/wp-json\/wp\/v2\/media\/23115"}],"wp:attachment":[{"href":"https:\/\/zonalimitrofe-cbnr.com\/index.php\/wp-json\/wp\/v2\/media?parent=23114"}],"wp:term":[{"taxonomy":"category","embeddable":true,"href":"https:\/\/zonalimitrofe-cbnr.com\/index.php\/wp-json\/wp\/v2\/categories?post=23114"},{"taxonomy":"post_tag","embeddable":true,"href":"https:\/\/zonalimitrofe-cbnr.com\/index.php\/wp-json\/wp\/v2\/tags?post=23114"}],"curies":[{"name":"wp","href":"https:\/\/api.w.org\/{rel}","templated":true}]}}