{"id":23099,"date":"2025-07-23T16:29:07","date_gmt":"2025-07-23T22:29:07","guid":{"rendered":"https:\/\/zonalimitrofe-cbnr.com\/?p=23099"},"modified":"2025-07-23T16:29:07","modified_gmt":"2025-07-23T22:29:07","slug":"torreon-roman-alberto-cepeda-gonzalez-revisa-resultados-en-las-estrategias-de-seguridad-como-de-videovigilancia","status":"publish","type":"post","link":"https:\/\/zonalimitrofe-cbnr.com\/index.php\/2025\/07\/23\/torreon-roman-alberto-cepeda-gonzalez-revisa-resultados-en-las-estrategias-de-seguridad-como-de-videovigilancia\/","title":{"rendered":"#Torre\u00f3n. Rom\u00e1n Alberto Cepeda Gonz\u00e1lez revisa resultados en las estrategias de seguridad como de videovigilancia"},"content":{"rendered":"\n<p><strong>Torre\u00f3n, Coahuila. A 23 de julio de 2025. <\/strong>Durante la vig\u00e9sima s\u00e9ptima reuni\u00f3n semanal de seguridad, el alcalde Rom\u00e1n Alberto Cepeda Gonz\u00e1lez, revis\u00f3 junto a las autoridades de los tres \u00f3rdenes de Gobierno, el avance de las estrategias para mantener la tranquilidad y el orden en la ciudad, y dijo que a trav\u00e9s de los mapas de calor se marca la ruta a trabajar para disminuir todo tipo de incidentes delictivos. Adem\u00e1s, el Presidente Municipal dijo que se pondr\u00e1 \u00e9nfasis en la prevenci\u00f3n de accidentes viales, para lo cual inici\u00f3 la campa\u00f1a de canje gratuito de cascos que no cumplen con los requerimientos m\u00ednimos de protecci\u00f3n, por cascos certificados, con el objetivo de que los motociclistas viajen seguros. A trav\u00e9s de la Direcci\u00f3n General de Vialidad y Movilidad Urbana se inici\u00f3 desde ayer martes la campa\u00f1a de canje de cascos, como parte de las estrategias del programa Conduce Seguro de la Administraci\u00f3n Municipal. Durante la reuni\u00f3n, Cepeda Gonz\u00e1lez tambi\u00e9n instruy\u00f3 a las corporaciones a mantenerse en alerta para atender las situaciones que se presenten debido a las lluvias, y agreg\u00f3 que las acciones de monitoreo constante han resultado eficaces para la contenci\u00f3n de da\u00f1os, sin embargo, pidi\u00f3 a las autoridades no bajar la guardia ante alg\u00fan evento extraordinario que pudiera presentarse. En otro asunto, el Presidente Municipal destac\u00f3 el fortalecimiento a la seguridad por medio del Centro de Control y Comando C2, para la atenci\u00f3n al delito, una estrategia que ha favorecido en el aseguramiento de veh\u00edculos con reporte de robo. Referente al \u00edndice semanal de incidencia delictiva, el comisario Alfredo Flores Originales, director de la Polic\u00eda de Torre\u00f3n, inform\u00f3 que del 15 al 21 de julio disminuy\u00f3 el \u00edndice delictivo en el rubro de robo a persona con violencia, con un evento; y se mantuvo el de robo a local comercial con violencia, con cuatro eventos.<\/p>\n\n\n\n<p>Adem\u00e1s, el director destac\u00f3 que resultado de las acciones de proximidad, se logr\u00f3 la detenci\u00f3n de tres personas, una de ellas durante los operativos de vigilancia en eventos de festejos patronales por iniciar una ri\u00f1a, y dos m\u00e1s a trav\u00e9s de la denuncia ciudadana, por causar da\u00f1os materiales y robo de cable en una iglesia.<\/p>\n\n\n\n<p>La Polic\u00eda Municipal efectu\u00f3 117 detenciones que fueron remitidas al Ministerio P\u00fablico y 103 al Juez Calificador.<\/p>\n\n\n\n<p>El Grupo de Reacci\u00f3n Torre\u00f3n realiz\u00f3 seis detenciones relacionadas con la posesi\u00f3n de narc\u00f3ticos.<\/p>\n\n\n\n<p>Martha Esther Rodr\u00edguez Romero, directora del Centro de Justicia Municipal, inform\u00f3 sobre la sesi\u00f3n mensual con el colegiado de abogados, enfocada en revisar avances y conclusi\u00f3n de expedientes.<\/p>\n\n\n\n<p>Tambi\u00e9n destac\u00f3 la jornada de reforestaci\u00f3n realizada con el apoyo de personas que cumplen su servicio comunitario, en la biblioteca Sor Juana In\u00e9s.<\/p>\n\n\n\n<p>Mientras que del \u00e1rea de Defensor\u00eda de Oficio, el Juzgado C\u00edvico atendi\u00f3 117 audiencias con detenidos, de los cuales se logr\u00f3 reducci\u00f3n de horas en 35 casos, y cinco salieron por conmutaci\u00f3n por trabajo en favor de la comunidad.<\/p>\n\n\n\n<p>Luis Alberto Morales Cort\u00e9s, director de Vialidad y Movilidad Urbana, habl\u00f3 sobre la participaci\u00f3n con la Bici escuelita en los cursos de verano del Deportivo La Jabonera, donde se les ense\u00f1a a los ni\u00f1os las reglas b\u00e1sicas de Seguridad Vial.<\/p>\n\n\n\n<p>Inform\u00f3 que se llev\u00f3 a cabo la segunda edici\u00f3n de &#8220;Biker\u00b4s de Pikes&#8221; en el Aut\u00f3dromo de Torre\u00f3n, con un total de 3 mil asistentes, concluyendo con saldo blanco, y agradeci\u00f3 el apoyo a todas las autoridades como la Polic\u00eda del Estado, la Polic\u00eda de Torre\u00f3n, Cruz Roja y Protecci\u00f3n Civil Municipal.<\/p>\n\n\n\n<p>El director destac\u00f3 que Agentes de Vialidad abanderan cierre de carriles de circulaci\u00f3n por las obras del reordenamiento Vial en bulevar Revoluci\u00f3n y calle 38, as\u00ed como en el carril de bulevar Independencia y calle Lima, por trabajos de las obras del Sistema Vial Independencia-Abastos.<\/p>\n\n\n\n<p>Jorge Luis Ju\u00e1rez Llanas, director de Protecci\u00f3n Civil y Bomberos, se\u00f1al\u00f3 que esta semana se atendieron 179 servicios por parte de las diferentes estaciones de la corporaci\u00f3n.<\/p>\n\n\n\n<p>Destac\u00f3 las acciones de inspecci\u00f3n diarias que realizan en las diferentes sedes de los cursos de verano del DIF Torre\u00f3n, para garantizar la seguridad de los asistentes.<\/p>\n\n\n\n<p>Adem\u00e1s, como parte de la profesionalizaci\u00f3n de los elementos, el cuerpo de Bomberos se capacit\u00f3 en manejo defensivo; y uso y manejo de camiones a escala.<\/p>\n\n\n\n<p>Pablo Fern\u00e1ndez Llamas, director de Inspecci\u00f3n y Verificaci\u00f3n, inform\u00f3 que los principales reportes que recibi\u00f3 la dependencia mediante el sistema 073, fueron por obstrucci\u00f3n en la v\u00eda p\u00fablica, con nueve; condiciones inadecuadas, con nueve; y veh\u00edculos chatarra, con 12.<\/p>\n\n\n\n<p>Igualmente mencion\u00f3 que mantienen las inspecciones en establecimientos de la ciudad, a fin de verificar que cumplan con la reglamentaci\u00f3n y condiciones de seguridad para los usuarios y trabajadores.<\/p>\n","protected":false},"excerpt":{"rendered":"<p>Torre\u00f3n, Coahuila. A 23 de julio de 2025. Durante la vig\u00e9sima s\u00e9ptima reuni\u00f3n semanal de seguridad, el alcalde Rom\u00e1n Alberto Cepeda Gonz\u00e1lez, revis\u00f3 junto a las autoridades de los tres \u00f3rdenes de Gobierno, el avance de las estrategias para mantener la tranquilidad y el orden en la ciudad, y dijo que a trav\u00e9s de los [&hellip;]<\/p>\n","protected":false},"author":1,"featured_media":23100,"comment_status":"open","ping_status":"open","sticky":false,"template":"","format":"standard","meta":{"_monsterinsights_skip_tracking":false,"_monsterinsights_sitenote_active":false,"_monsterinsights_sitenote_note":"","_monsterinsights_sitenote_category":0,"footnotes":""},"categories":[1],"tags":[],"_links":{"self":[{"href":"https:\/\/zonalimitrofe-cbnr.com\/index.php\/wp-json\/wp\/v2\/posts\/23099"}],"collection":[{"href":"https:\/\/zonalimitrofe-cbnr.com\/index.php\/wp-json\/wp\/v2\/posts"}],"about":[{"href":"https:\/\/zonalimitrofe-cbnr.com\/index.php\/wp-json\/wp\/v2\/types\/post"}],"author":[{"embeddable":true,"href":"https:\/\/zonalimitrofe-cbnr.com\/index.php\/wp-json\/wp\/v2\/users\/1"}],"replies":[{"embeddable":true,"href":"https:\/\/zonalimitrofe-cbnr.com\/index.php\/wp-json\/wp\/v2\/comments?post=23099"}],"version-history":[{"count":1,"href":"https:\/\/zonalimitrofe-cbnr.com\/index.php\/wp-json\/wp\/v2\/posts\/23099\/revisions"}],"predecessor-version":[{"id":23101,"href":"https:\/\/zonalimitrofe-cbnr.com\/index.php\/wp-json\/wp\/v2\/posts\/23099\/revisions\/23101"}],"wp:featuredmedia":[{"embeddable":true,"href":"https:\/\/zonalimitrofe-cbnr.com\/index.php\/wp-json\/wp\/v2\/media\/23100"}],"wp:attachment":[{"href":"https:\/\/zonalimitrofe-cbnr.com\/index.php\/wp-json\/wp\/v2\/media?parent=23099"}],"wp:term":[{"taxonomy":"category","embeddable":true,"href":"https:\/\/zonalimitrofe-cbnr.com\/index.php\/wp-json\/wp\/v2\/categories?post=23099"},{"taxonomy":"post_tag","embeddable":true,"href":"https:\/\/zonalimitrofe-cbnr.com\/index.php\/wp-json\/wp\/v2\/tags?post=23099"}],"curies":[{"name":"wp","href":"https:\/\/api.w.org\/{rel}","templated":true}]}}