{"id":23084,"date":"2025-07-23T16:01:08","date_gmt":"2025-07-23T22:01:08","guid":{"rendered":"https:\/\/zonalimitrofe-cbnr.com\/?p=23084"},"modified":"2025-07-23T16:01:09","modified_gmt":"2025-07-23T22:01:09","slug":"torreon-roman-cepeda-gonzalez-arranca-campana-de-canje-de-armas-de-fuego-si-al-desarme-si-a-la-paz","status":"publish","type":"post","link":"https:\/\/zonalimitrofe-cbnr.com\/index.php\/2025\/07\/23\/torreon-roman-cepeda-gonzalez-arranca-campana-de-canje-de-armas-de-fuego-si-al-desarme-si-a-la-paz\/","title":{"rendered":"#Torre\u00f3n. Rom\u00e1n Cepeda Gonz\u00e1lez arranca campa\u00f1a de canje de armas de fuego \u201cS\u00ed al desarme, s\u00ed a la paz\u201d"},"content":{"rendered":"\n<p>Torre\u00f3n, Coahuila. A 23 de julio de 2025<\/p>\n\n\n\n<p>En una acci\u00f3n conjunta entre el Ej\u00e9rcito Mexicano, el Gobierno del Estado y el Municipio, el alcalde Rom\u00e1n Alberto Cepeda Gonz\u00e1lez arranc\u00f3 este lunes en la explanada de Plaza Mayor, la campa\u00f1a de canje de armas de fuego \u201cS\u00ed al desarme, s\u00ed a la paz\u201d.<\/p>\n\n\n\n<p>Luego del acto c\u00edvico con la entonaci\u00f3n del Himno Nacional y los Honores a la Bandera, el alcalde Rom\u00e1n Alberto Cepeda Gonz\u00e1lez explic\u00f3 que esta iniciativa estar\u00e1 vigente hasta el 23 de agosto del presente a\u00f1o, para lo cual se habilit\u00f3 un m\u00f3dulo que permanecer\u00e1 en la explanada de la Plaza Mayor de la Presidencia Municipal de Torre\u00f3n.<\/p>\n\n\n\n<p>El edil dijo que la actividad consiste en el canje voluntario de armas de fuego, cartuchos, explosivos y artefactos similares, los cuales ser\u00e1n recibidos sin que se realice investigaci\u00f3n alguna sobre su procedencia.<\/p>\n\n\n\n<p>\u201cUn mes de desarme que busca promover la seguridad social a trav\u00e9s del canje voluntario de armas de fuego por recurso en efectivo\u201d.<\/p>\n\n\n\n<p>Las personas recibir\u00e1n un recurso econ\u00f3mico de acuerdo con un tabulador previamente establecido y publicado en el Diario Oficial de la Federaci\u00f3n.<\/p>\n\n\n\n<p>&#8220;Lo que se busca es reducir la violencia y seguir promoviendo un entorno de paz, orden y seguridad para las familias de Torre\u00f3n&#8221;.<\/p>\n\n\n\n<p>Rom\u00e1n Alberto Cepeda Gonz\u00e1lez indic\u00f3 que el valor del arma ser\u00e1 valorado por elementos del Ej\u00e9rcito Mexicano, quienes entregar\u00e1n un vale para que sea canjeado en las cajas de la Presidencia Municipal por el monto correspondiente de hasta 25 mil pesos.<\/p>\n\n\n\n<p>Dijo que de acuerdo a la Organizaci\u00f3n de las Naciones Unidas (ONU), existe un arma de fuego por cada 10 habitantes y cada a\u00f1o se producen dos balas por cada persona en el planeta, por lo que este tipo de actividades son importantes en la construcci\u00f3n de la paz.<\/p>\n\n\n\n<p>&#8220;Apostarle a la paz, a la coordinaci\u00f3n, a un trabajo y esfuerzo conjunto entre los \u00f3rdenes de gobierno: la Federaci\u00f3n, el Estado y el Municipio, ha sido lo que ha<\/p>\n\n\n\n<p>tra\u00eddo la paz para La Laguna y a Torre\u00f3n. Que hoy se realice este evento es un ejemplo de la coordinaci\u00f3n, del esfuerzo que encabeza el gobernador Manolo Jim\u00e9nez, y aqu\u00ed en esa misma l\u00ednea y esa misma ruta hacemos y compartimos todo el esfuerzo tambi\u00e9n con la sociedad civil, c\u00e1maras y organismos empresariales para que la paz y la tranquilidad sigan prevaleciendo\u201d, destac\u00f3 el Alcalde.<\/p>\n\n\n\n<p>Dijo que el objetivo es que desde Torre\u00f3n y Coahuila se pueda seguir mandando un mensaje de paz, de tranquilidad, de orden, de cooperaci\u00f3n y de que s\u00ed se puede mantener ciudades y estados seguros.<\/p>\n\n\n\n<p>\u201cNo tengo duda que con este tipo de actos encabezados por el Ej\u00e9rcito Mexicano en coordinaci\u00f3n con el Estado y el Municipio, Coahuila seguir\u00e1 creciendo a pasos de gigante y mi querido Torre\u00f3n siempre seguir\u00e1 pudiendo m\u00e1s\u201d<\/p>\n\n\n\n<p>Cepeda Gonz\u00e1lez realiz\u00f3 la declaratoria inaugural a las 09: 44 horas, y agradeci\u00f3 al Ej\u00e9rcito Mexicano y a la ciudadan\u00eda por su participaci\u00f3n.<\/p>\n\n\n\n<p>En la actividad acudi\u00f3 adem\u00e1s el General Brigadier de Estado Mayor, Pedro Alberto Hern\u00e1ndez Gallardo, comandante del Mando Especial de la Laguna, en representaci\u00f3n del general de divisi\u00f3n, Eugenio Alberto Ibarra Flores, comandante de la XI Regi\u00f3n Militar; el Coronel de Infanter\u00eda de Estado Mayor Jes\u00fas Alberto Mart\u00ednez Mendoza, comandante del 33 Batall\u00f3n de Infanter\u00eda.<\/p>\n\n\n\n<p>As\u00ed como el Teniente Coronel Polic\u00eda Militar, Ricardo Reyes Hern\u00e1ndez, comandante interino de Guardia Nacional; Felipe Gonz\u00e1lez Miranda, Diputado Local; Carlos Alonso Rangel G\u00e1mez, delegado de Fiscal\u00eda Regi\u00f3n Laguna; Luis Jorge Cuerda Serna, primer regidor; Jos\u00e9 El\u00edas Ganem Guerrero, secretario del Ayuntamiento; y Alfredo Flores Originales, director general de Seguridad P\u00fablica.<\/p>\n","protected":false},"excerpt":{"rendered":"<p>Torre\u00f3n, Coahuila. A 23 de julio de 2025 En una acci\u00f3n conjunta entre el Ej\u00e9rcito Mexicano, el Gobierno del Estado y el Municipio, el alcalde Rom\u00e1n Alberto Cepeda Gonz\u00e1lez arranc\u00f3 este lunes en la explanada de Plaza Mayor, la campa\u00f1a de canje de armas de fuego \u201cS\u00ed al desarme, s\u00ed a la paz\u201d. Luego del [&hellip;]<\/p>\n","protected":false},"author":1,"featured_media":23085,"comment_status":"open","ping_status":"open","sticky":false,"template":"","format":"standard","meta":{"_monsterinsights_skip_tracking":false,"_monsterinsights_sitenote_active":false,"_monsterinsights_sitenote_note":"","_monsterinsights_sitenote_category":0,"footnotes":""},"categories":[1],"tags":[],"_links":{"self":[{"href":"https:\/\/zonalimitrofe-cbnr.com\/index.php\/wp-json\/wp\/v2\/posts\/23084"}],"collection":[{"href":"https:\/\/zonalimitrofe-cbnr.com\/index.php\/wp-json\/wp\/v2\/posts"}],"about":[{"href":"https:\/\/zonalimitrofe-cbnr.com\/index.php\/wp-json\/wp\/v2\/types\/post"}],"author":[{"embeddable":true,"href":"https:\/\/zonalimitrofe-cbnr.com\/index.php\/wp-json\/wp\/v2\/users\/1"}],"replies":[{"embeddable":true,"href":"https:\/\/zonalimitrofe-cbnr.com\/index.php\/wp-json\/wp\/v2\/comments?post=23084"}],"version-history":[{"count":1,"href":"https:\/\/zonalimitrofe-cbnr.com\/index.php\/wp-json\/wp\/v2\/posts\/23084\/revisions"}],"predecessor-version":[{"id":23086,"href":"https:\/\/zonalimitrofe-cbnr.com\/index.php\/wp-json\/wp\/v2\/posts\/23084\/revisions\/23086"}],"wp:featuredmedia":[{"embeddable":true,"href":"https:\/\/zonalimitrofe-cbnr.com\/index.php\/wp-json\/wp\/v2\/media\/23085"}],"wp:attachment":[{"href":"https:\/\/zonalimitrofe-cbnr.com\/index.php\/wp-json\/wp\/v2\/media?parent=23084"}],"wp:term":[{"taxonomy":"category","embeddable":true,"href":"https:\/\/zonalimitrofe-cbnr.com\/index.php\/wp-json\/wp\/v2\/categories?post=23084"},{"taxonomy":"post_tag","embeddable":true,"href":"https:\/\/zonalimitrofe-cbnr.com\/index.php\/wp-json\/wp\/v2\/tags?post=23084"}],"curies":[{"name":"wp","href":"https:\/\/api.w.org\/{rel}","templated":true}]}}