{"id":23078,"date":"2025-07-23T15:54:44","date_gmt":"2025-07-23T21:54:44","guid":{"rendered":"https:\/\/zonalimitrofe-cbnr.com\/?p=23078"},"modified":"2025-07-23T15:54:44","modified_gmt":"2025-07-23T21:54:44","slug":"torreon-acciones-permanentes-de-atencion-a-lluvias-favorece-a-la-disminucion-de-afectaciones","status":"publish","type":"post","link":"https:\/\/zonalimitrofe-cbnr.com\/index.php\/2025\/07\/23\/torreon-acciones-permanentes-de-atencion-a-lluvias-favorece-a-la-disminucion-de-afectaciones\/","title":{"rendered":"#Torre\u00f3n. Acciones permanentes de atenci\u00f3n a lluvias favorece a la disminuci\u00f3n de afectaciones"},"content":{"rendered":"\n<p>Torre\u00f3n, Coahuila. A 23 de julio de 2025<\/p>\n\n\n\n<p>Las acciones permanentes por parte del Municipio para atender desde la prevenci\u00f3n el tema de lluvias, favorece a reducir los tiempos de respuesta en las zonas que resultan anegadas. En cuanto a la precipitaci\u00f3n que se registr\u00f3 la madrugada de este mi\u00e9rcoles, alcanz\u00f3 los 16.3 mil\u00edmetros y se reportaron algunos puntos con encharcamientos.<\/p>\n\n\n\n<p>Adem\u00e1s, se resguard\u00f3 a dos personas en el refugio temporal de Protecci\u00f3n Civil.<\/p>\n\n\n\n<p>En cuanto a las anegaciones, se cerr\u00f3 temporalmente la circulaci\u00f3n en el cruce de calle Acu\u00f1a y bulevar Independencia, mismo que fue atendido de manera inmediata por personal de SIMAS Torre\u00f3n, y se mantuvo presencia para el ordenamiento vial de agentes de Tr\u00e1nsito. La vialidad fue abierta al tr\u00e1nsito desde esta misma ma\u00f1ana.<\/p>\n\n\n\n<p>Jorge Luis Ju\u00e1rez Llanas, director de Protecci\u00f3n Civil y Bomberos, inform\u00f3 que hubo presencia de viento que acompa\u00f1\u00f3 a la precipitaci\u00f3n, y destac\u00f3 que se hicieron los recorridos habituales por parte de las diferentes dependencias que conforman el Plan Municipal de Atenci\u00f3n a Lluvias.<\/p>\n\n\n\n<p>Indic\u00f3 que la mayor parte de lluvia cay\u00f3 hacia el poniente y Centro de la ciudad, donde el agua pluvial corri\u00f3 por los canales naturales sin que se presentara alguna situaci\u00f3n de riesgo. \u201cSe presentaron tambi\u00e9n anegaciones en Diagonal de las Fuentes, y avenida Bravo e Independencia\u201d.<\/p>\n\n\n\n<p>Tambi\u00e9n se mantuvo presencia de Tr\u00e1nsito y Vialidad en algunos puntos como calle Leona Vicario y avenida Presidente Carranza, as\u00ed como en la avenida Cuauht\u00e9moc y Mariano L\u00f3pez Ortiz desde la avenida Ju\u00e1rez hasta la avenida Aldama, que presentaron falla debido a interrupci\u00f3n en la energ\u00eda el\u00e9ctrica por parte de CFE, mismos que fueron atendidos por su personal.<\/p>\n\n\n\n<p>Asimismo, el director de Protecci\u00f3n Civil y Bomberos, dio a conocer que las personas que fueron trasladadas al albergue temporal son madre e hija, quienes fueron evacuadas de su vivienda debido a que representaba riesgo de colapso.<\/p>\n\n\n\n<p>Finalmente, Ju\u00e1rez Llanas reiter\u00f3 que la indicaci\u00f3n del alcalde Rom\u00e1n Alberto Cepeda Gonz\u00e1lez es que se mantengan permanentes las labores de atenci\u00f3n a lluvias con la revisi\u00f3n de c\u00e1rcamos y limpieza de rejillas, adem\u00e1s de las acciones de atenci\u00f3n social como es el resguardo de personas en situaci\u00f3n de riesgo.<\/p>\n\n\n\n<p>En el operativo participan dependencias como Seguridad P\u00fablica Municipal, Protecci\u00f3n Civil y Bomberos, SIMAS Torre\u00f3n, Vialidad y Movilidad Urbana, Obras P\u00fablicas, el SIMV, Servicios P\u00fablicos, DIF Torre\u00f3n, Centro de Justicia, Desarrollo Social y Atenci\u00f3n Ciudadana, coordinados desde la Secretar\u00eda del Ayuntamiento.<\/p>\n\n\n\n<p>As\u00ed como en caso de contingencia, corporaciones del Estado, Guardia Nacional y el Ej\u00e9rcito Mexicano.<\/p>\n\n\n\n<p>Los n\u00fameros de emergencia son: 911; Polic\u00eda Municipal (871) 7290099, o al WhatsApp al n\u00famero (871) 9737975; Tr\u00e1nsito y Vialidad (871) 1934501; y de Protecci\u00f3n Civil y Bomberos (871) 7120066.<\/p>\n","protected":false},"excerpt":{"rendered":"<p>Torre\u00f3n, Coahuila. A 23 de julio de 2025 Las acciones permanentes por parte del Municipio para atender desde la prevenci\u00f3n el tema de lluvias, favorece a reducir los tiempos de respuesta en las zonas que resultan anegadas. En cuanto a la precipitaci\u00f3n que se registr\u00f3 la madrugada de este mi\u00e9rcoles, alcanz\u00f3 los 16.3 mil\u00edmetros y [&hellip;]<\/p>\n","protected":false},"author":1,"featured_media":23079,"comment_status":"open","ping_status":"open","sticky":false,"template":"","format":"standard","meta":{"_monsterinsights_skip_tracking":false,"_monsterinsights_sitenote_active":false,"_monsterinsights_sitenote_note":"","_monsterinsights_sitenote_category":0,"footnotes":""},"categories":[1],"tags":[],"_links":{"self":[{"href":"https:\/\/zonalimitrofe-cbnr.com\/index.php\/wp-json\/wp\/v2\/posts\/23078"}],"collection":[{"href":"https:\/\/zonalimitrofe-cbnr.com\/index.php\/wp-json\/wp\/v2\/posts"}],"about":[{"href":"https:\/\/zonalimitrofe-cbnr.com\/index.php\/wp-json\/wp\/v2\/types\/post"}],"author":[{"embeddable":true,"href":"https:\/\/zonalimitrofe-cbnr.com\/index.php\/wp-json\/wp\/v2\/users\/1"}],"replies":[{"embeddable":true,"href":"https:\/\/zonalimitrofe-cbnr.com\/index.php\/wp-json\/wp\/v2\/comments?post=23078"}],"version-history":[{"count":1,"href":"https:\/\/zonalimitrofe-cbnr.com\/index.php\/wp-json\/wp\/v2\/posts\/23078\/revisions"}],"predecessor-version":[{"id":23080,"href":"https:\/\/zonalimitrofe-cbnr.com\/index.php\/wp-json\/wp\/v2\/posts\/23078\/revisions\/23080"}],"wp:featuredmedia":[{"embeddable":true,"href":"https:\/\/zonalimitrofe-cbnr.com\/index.php\/wp-json\/wp\/v2\/media\/23079"}],"wp:attachment":[{"href":"https:\/\/zonalimitrofe-cbnr.com\/index.php\/wp-json\/wp\/v2\/media?parent=23078"}],"wp:term":[{"taxonomy":"category","embeddable":true,"href":"https:\/\/zonalimitrofe-cbnr.com\/index.php\/wp-json\/wp\/v2\/categories?post=23078"},{"taxonomy":"post_tag","embeddable":true,"href":"https:\/\/zonalimitrofe-cbnr.com\/index.php\/wp-json\/wp\/v2\/tags?post=23078"}],"curies":[{"name":"wp","href":"https:\/\/api.w.org\/{rel}","templated":true}]}}