{"id":23069,"date":"2025-07-23T15:47:08","date_gmt":"2025-07-23T21:47:08","guid":{"rendered":"https:\/\/zonalimitrofe-cbnr.com\/?p=23069"},"modified":"2025-07-23T15:47:08","modified_gmt":"2025-07-23T21:47:08","slug":"uadec-realizara-uadec-el-primer-coloquio-internacional-de-historia-aplicada-problematicas-contemporaneas-en-clave-historica","status":"publish","type":"post","link":"https:\/\/zonalimitrofe-cbnr.com\/index.php\/2025\/07\/23\/uadec-realizara-uadec-el-primer-coloquio-internacional-de-historia-aplicada-problematicas-contemporaneas-en-clave-historica\/","title":{"rendered":"#UAdeC. Realizar\u00e1 UAdeC el Primer Coloquio Internacional de Historia Aplicada \u201cProblem\u00e1ticas Contempor\u00e1neas en Clave Hist\u00f3rica\u201d"},"content":{"rendered":"\n<p>SALTILLO, Coahuila. 23 de julio de 2025. La Universidad Aut\u00f3noma de Coahuila a trav\u00e9s de la Facultad de Ciencias Sociales y la Coordinaci\u00f3n General de Difusi\u00f3n y Patrimonio Cultural, en conjunto con la Universidad San Sebasti\u00e1n y el programa de Doctorado en Historia, invitan a participar en el Primer Coloquio Internacional de Historia Aplicada \u201cProblem\u00e1ticas contempor\u00e1neas en clave hist\u00f3rica\u201d, que se llevar\u00e1 a cabo el 23, 24 y 25 de septiembre de 2025 de manera virtual.<\/p>\n\n\n\n<p>El objetivo del evento es observar hist\u00f3ricamente, la evoluci\u00f3n de conocimientos, procesos, inventos, problem\u00e1ticas o fen\u00f3menos cuyo devenir incide en la actualidad y cuyo an\u00e1lisis, empleando m\u00e9todos, conceptos y procedimientos surgidos de la disciplina hist\u00f3rica, permiten mejorar el entendimiento y establecer propuestas en materia ambiental, sociocultural, evoluci\u00f3n cient\u00edfica y tecnol\u00f3gica, pol\u00edticas p\u00fablicas y desarrollo local.<\/p>\n\n\n\n<p>Los ejes tem\u00e1ticos que se abordar\u00e1n son: 1. Tecnolog\u00eda, producci\u00f3n e industrializaci\u00f3n, 2. Deterioro ambiental, sostenibilidad, soberan\u00eda alimentaria y recursos naturales, 3. Ciudad, gobernabilidad y movimientos sociales, 4. Educaci\u00f3n, cultura y comunidad, 5. Salud, pobreza, igualdad y seguridad y 6. G\u00e9nero, memoria y justicia.<\/p>\n\n\n\n<p>Los interesados en enviar propuestas de trabajos de investigaci\u00f3n deber\u00e1n de abordar alguno de los ejes tem\u00e1ticos mencionados anteriormente, tienen hasta el 30 de julio para realizar el env\u00edo a trav\u00e9s del c\u00f3digo QR que se encuentra publicado en la p\u00e1gina de Facebook Facultad de Ciencias Sociales.<\/p>\n\n\n\n<p>El dictamen de las propuestas ser\u00e1 del 1 al 30 de agosto, la emisi\u00f3n de resultados de trabajos aceptados ser\u00e1 el 2 de septiembre; para m\u00e1s informaci\u00f3n llamar al tel\u00e9fono (844) 412 30 05 o escribir al correo electr\u00f3nico historia@uadec.edu.mx.<\/p>\n","protected":false},"excerpt":{"rendered":"<p>SALTILLO, Coahuila. 23 de julio de 2025. La Universidad Aut\u00f3noma de Coahuila a trav\u00e9s de la Facultad de Ciencias Sociales y la Coordinaci\u00f3n General de Difusi\u00f3n y Patrimonio Cultural, en conjunto con la Universidad San Sebasti\u00e1n y el programa de Doctorado en Historia, invitan a participar en el Primer Coloquio Internacional de Historia Aplicada \u201cProblem\u00e1ticas [&hellip;]<\/p>\n","protected":false},"author":1,"featured_media":23070,"comment_status":"open","ping_status":"open","sticky":false,"template":"","format":"standard","meta":{"_monsterinsights_skip_tracking":false,"_monsterinsights_sitenote_active":false,"_monsterinsights_sitenote_note":"","_monsterinsights_sitenote_category":0,"footnotes":""},"categories":[1],"tags":[],"_links":{"self":[{"href":"https:\/\/zonalimitrofe-cbnr.com\/index.php\/wp-json\/wp\/v2\/posts\/23069"}],"collection":[{"href":"https:\/\/zonalimitrofe-cbnr.com\/index.php\/wp-json\/wp\/v2\/posts"}],"about":[{"href":"https:\/\/zonalimitrofe-cbnr.com\/index.php\/wp-json\/wp\/v2\/types\/post"}],"author":[{"embeddable":true,"href":"https:\/\/zonalimitrofe-cbnr.com\/index.php\/wp-json\/wp\/v2\/users\/1"}],"replies":[{"embeddable":true,"href":"https:\/\/zonalimitrofe-cbnr.com\/index.php\/wp-json\/wp\/v2\/comments?post=23069"}],"version-history":[{"count":1,"href":"https:\/\/zonalimitrofe-cbnr.com\/index.php\/wp-json\/wp\/v2\/posts\/23069\/revisions"}],"predecessor-version":[{"id":23071,"href":"https:\/\/zonalimitrofe-cbnr.com\/index.php\/wp-json\/wp\/v2\/posts\/23069\/revisions\/23071"}],"wp:featuredmedia":[{"embeddable":true,"href":"https:\/\/zonalimitrofe-cbnr.com\/index.php\/wp-json\/wp\/v2\/media\/23070"}],"wp:attachment":[{"href":"https:\/\/zonalimitrofe-cbnr.com\/index.php\/wp-json\/wp\/v2\/media?parent=23069"}],"wp:term":[{"taxonomy":"category","embeddable":true,"href":"https:\/\/zonalimitrofe-cbnr.com\/index.php\/wp-json\/wp\/v2\/categories?post=23069"},{"taxonomy":"post_tag","embeddable":true,"href":"https:\/\/zonalimitrofe-cbnr.com\/index.php\/wp-json\/wp\/v2\/tags?post=23069"}],"curies":[{"name":"wp","href":"https:\/\/api.w.org\/{rel}","templated":true}]}}