{"id":23015,"date":"2025-07-21T16:46:41","date_gmt":"2025-07-21T22:46:41","guid":{"rendered":"https:\/\/zonalimitrofe-cbnr.com\/?p=23015"},"modified":"2025-07-21T16:46:42","modified_gmt":"2025-07-21T22:46:42","slug":"durango-mas-aulas-nueva-carrera-y-comedor-digno-comunidad-del-cbta-3-agradece-respaldo-de-esteban-villegas","status":"publish","type":"post","link":"https:\/\/zonalimitrofe-cbnr.com\/index.php\/2025\/07\/21\/durango-mas-aulas-nueva-carrera-y-comedor-digno-comunidad-del-cbta-3-agradece-respaldo-de-esteban-villegas\/","title":{"rendered":"#Durango. M\u00e1s aulas, nueva carrera y comedor digno: comunidad del CBTA 3 agradece respaldo de Esteban Villegas*"},"content":{"rendered":"\n<ul>\n<li>\u2060<em>M\u00e1s de mil 300 estudiantes y personal administrativo ser\u00e1n beneficiados con las nuevas obras.<\/em><\/li>\n\n\n\n<li>\u2060<em>El plantel suma infraestructura y se transforma con visi\u00f3n tecnol\u00f3gica para el campo.<\/em><\/li>\n<\/ul>\n\n\n\n<p>Luego de la visita del gobernador Esteban Villegas Villarreal al CBTA 3 y el anuncio de m\u00e1s de 24 millones de pesos para infraestructura educativa, directivos del plantel expresaron su reconocimiento por esta inversi\u00f3n hist\u00f3rica que est\u00e1 transformando las condiciones de aprendizaje para m\u00e1s de mil 300 estudiantes y trabajadores.<\/p>\n\n\n\n<p>La directora del CBTA 3, Esmeralda Lechuga Rocha, se\u00f1al\u00f3 que estas obras representan el cumplimiento de muchas gestiones realizadas durante a\u00f1os: \u201cEsto trae mejores condiciones para nuestros estudiantes, para poder atenderles dignamente. Habr\u00e1 las aulas necesarias, los equipos necesarios y este gran espacio donde podr\u00e1n consumir sus alimentos de manera digna\u201d.<\/p>\n\n\n\n<p>Adem\u00e1s de los beneficios inmediatos, destac\u00f3 el impacto a largo plazo de esta inversi\u00f3n. \u201cTodo esto abona a que nuestros muchachos salgan con las fortalezas y habilidades necesarias para enfrentar sus estudios profesionales y la vida laboral. Aqu\u00ed formamos t\u00e9cnicos capaces de mejorar el campo y transformar su entorno\u201d, dijo.<\/p>\n\n\n\n<p>Lechuga Rocha tambi\u00e9n anunci\u00f3 la apertura de una nueva carrera: Agrom\u00e1tica, enfocada en la tecnificaci\u00f3n del campo a trav\u00e9s del uso eficiente del agua y los insumos. \u201cQueremos que nuestros estudiantes vean en el campo una oportunidad de desarrollo y que, con ayuda de la tecnolog\u00eda, puedan maximizar la productividad\u201d, explic\u00f3.<\/p>\n\n\n\n<p>Por su parte, Emmanuel del Palacio Sicsik, director del Instituto para la Infraestructura F\u00edsica Educativa del Estado, record\u00f3 que el gobernador cumpli\u00f3 m\u00e1s all\u00e1 del compromiso inicial. \u201cSe pidi\u00f3 la primera etapa de la cafeter\u00eda y termin\u00f3 gestionando la obra completa, adem\u00e1s de seis aulas, un aula de c\u00f3mputo, \u00e1rea administrativa, servicios sanitarios y un aula de usos m\u00faltiples. Se duplic\u00f3 la expectativa con una inversi\u00f3n total de 24 millones de pesos\u201d, detall\u00f3.<\/p>\n\n\n\n<p>El funcionario subray\u00f3 que esta administraci\u00f3n ha superado a\u00f1o con a\u00f1o la inversi\u00f3n en infraestructura educativa: \u201cEn el primer a\u00f1o se invirtieron 350 millones de pesos; en el segundo, 450; y en este tercer a\u00f1o vamos por 550 millones m\u00e1s lo que a\u00fan logre el gobernador. La educaci\u00f3n ha sido una prioridad\u201d, concluy\u00f3.<\/p>\n\n\n\n<p>Con este proyecto, el CBTA 3 no solo mejora su infraestructura, tambi\u00e9n ampl\u00eda su visi\u00f3n para formar a los j\u00f3venes del campo con herramientas actuales, dignidad y nuevas oportunidades.<\/p>\n","protected":false},"excerpt":{"rendered":"<p>Luego de la visita del gobernador Esteban Villegas Villarreal al CBTA 3 y el anuncio de m\u00e1s de 24 millones de pesos para infraestructura educativa, directivos del plantel expresaron su reconocimiento por esta inversi\u00f3n hist\u00f3rica que est\u00e1 transformando las condiciones de aprendizaje para m\u00e1s de mil 300 estudiantes y trabajadores. La directora del CBTA 3, [&hellip;]<\/p>\n","protected":false},"author":1,"featured_media":23016,"comment_status":"open","ping_status":"open","sticky":false,"template":"","format":"standard","meta":{"_monsterinsights_skip_tracking":false,"_monsterinsights_sitenote_active":false,"_monsterinsights_sitenote_note":"","_monsterinsights_sitenote_category":0,"footnotes":""},"categories":[1],"tags":[],"_links":{"self":[{"href":"https:\/\/zonalimitrofe-cbnr.com\/index.php\/wp-json\/wp\/v2\/posts\/23015"}],"collection":[{"href":"https:\/\/zonalimitrofe-cbnr.com\/index.php\/wp-json\/wp\/v2\/posts"}],"about":[{"href":"https:\/\/zonalimitrofe-cbnr.com\/index.php\/wp-json\/wp\/v2\/types\/post"}],"author":[{"embeddable":true,"href":"https:\/\/zonalimitrofe-cbnr.com\/index.php\/wp-json\/wp\/v2\/users\/1"}],"replies":[{"embeddable":true,"href":"https:\/\/zonalimitrofe-cbnr.com\/index.php\/wp-json\/wp\/v2\/comments?post=23015"}],"version-history":[{"count":1,"href":"https:\/\/zonalimitrofe-cbnr.com\/index.php\/wp-json\/wp\/v2\/posts\/23015\/revisions"}],"predecessor-version":[{"id":23017,"href":"https:\/\/zonalimitrofe-cbnr.com\/index.php\/wp-json\/wp\/v2\/posts\/23015\/revisions\/23017"}],"wp:featuredmedia":[{"embeddable":true,"href":"https:\/\/zonalimitrofe-cbnr.com\/index.php\/wp-json\/wp\/v2\/media\/23016"}],"wp:attachment":[{"href":"https:\/\/zonalimitrofe-cbnr.com\/index.php\/wp-json\/wp\/v2\/media?parent=23015"}],"wp:term":[{"taxonomy":"category","embeddable":true,"href":"https:\/\/zonalimitrofe-cbnr.com\/index.php\/wp-json\/wp\/v2\/categories?post=23015"},{"taxonomy":"post_tag","embeddable":true,"href":"https:\/\/zonalimitrofe-cbnr.com\/index.php\/wp-json\/wp\/v2\/tags?post=23015"}],"curies":[{"name":"wp","href":"https:\/\/api.w.org\/{rel}","templated":true}]}}