{"id":22982,"date":"2025-07-21T16:04:46","date_gmt":"2025-07-21T22:04:46","guid":{"rendered":"https:\/\/zonalimitrofe-cbnr.com\/?p=22982"},"modified":"2025-07-21T16:04:47","modified_gmt":"2025-07-21T22:04:47","slug":"lerdo-arrancan-cursos-de-verano-en-bibliotecas-lerdo","status":"publish","type":"post","link":"https:\/\/zonalimitrofe-cbnr.com\/index.php\/2025\/07\/21\/lerdo-arrancan-cursos-de-verano-en-bibliotecas-lerdo\/","title":{"rendered":"#Lerdo. ARRANCAN CURSOS DE VERANO EN BIBLIOTECAS LERDO*"},"content":{"rendered":"\n<p>Lerdo, 21 de julio 2025.- Este lunes, la coordinaci\u00f3n de Bibliotecas P\u00fablicas Municipales dio arranque a los cursos \u201cMis Vacaciones en la Biblioteca 2025\u201d en el municipio de Lerdo. En la Biblioteca Modelo \u201cBenito Ju\u00e1rez\u201d, fue el director de Educaci\u00f3n Rom\u00e1n Alberto Herrera D\u00edaz, quien en nombre del Presidente Municipal Homero Mart\u00ednez Cabrera, dio la bienvenida a las y los ni\u00f1os que iniciar\u00e1n el curso.<\/p>\n\n\n\n<p>Junto a la coordinadora de Bibliotecas P\u00fablicas Municipales, Yuri Edith Ch\u00e1vez, el Profesor Rom\u00e1n Herrera agradeci\u00f3 a los padres y madres de familia presentes por la confianza, asegurando que por medio de estos talleres, las y los ni\u00f1os reforzar\u00e1n sus habilidades de lectura y comprensi\u00f3n, as\u00ed como de creatividad e imaginaci\u00f3n.<\/p>\n\n\n\n<p>Adem\u00e1s, reconoci\u00f3 el trabajo de las y los bibliotecarios porque, durante el periodo de vacaciones para la Presidencia Municipal, ellos dedicar\u00e1n su tiempo y esfuerzo durante estas dos semanas en la realizaci\u00f3n de actividades l\u00fadicas para que este curso de verano se inolvidable para los peque\u00f1os.<\/p>\n\n\n\n<p>Por su parte, Yuri Ch\u00e1vez comparti\u00f3 que los ni\u00f1os interesados en tomar el curso, o los padres interesados en acercar a sus hijos a las diferentes bibliotecas del municipio, a\u00fan est\u00e1n a tiempo, la inscripci\u00f3n es totalmente gratuita y el material de trabajo ha sido proporcionado por el Alcalde Homero Mart\u00ednez Cabrera.<\/p>\n\n\n\n<p>El curso \u201cMis Vacaciones en la Biblioteca 2025\u201d se desarrollar\u00e1 del lunes 21 de julio al viernes primero de agosto, en un horario de 9:00 de la ma\u00f1ana a 12:00 del mediod\u00eda, en las 11 bibliotecas municipales de Lerdo.<\/p>\n","protected":false},"excerpt":{"rendered":"<p>Lerdo, 21 de julio 2025.- Este lunes, la coordinaci\u00f3n de Bibliotecas P\u00fablicas Municipales dio arranque a los cursos \u201cMis Vacaciones en la Biblioteca 2025\u201d en el municipio de Lerdo. En la Biblioteca Modelo \u201cBenito Ju\u00e1rez\u201d, fue el director de Educaci\u00f3n Rom\u00e1n Alberto Herrera D\u00edaz, quien en nombre del Presidente Municipal Homero Mart\u00ednez Cabrera, dio la [&hellip;]<\/p>\n","protected":false},"author":1,"featured_media":22983,"comment_status":"open","ping_status":"open","sticky":false,"template":"","format":"standard","meta":{"_monsterinsights_skip_tracking":false,"_monsterinsights_sitenote_active":false,"_monsterinsights_sitenote_note":"","_monsterinsights_sitenote_category":0,"footnotes":""},"categories":[1],"tags":[],"_links":{"self":[{"href":"https:\/\/zonalimitrofe-cbnr.com\/index.php\/wp-json\/wp\/v2\/posts\/22982"}],"collection":[{"href":"https:\/\/zonalimitrofe-cbnr.com\/index.php\/wp-json\/wp\/v2\/posts"}],"about":[{"href":"https:\/\/zonalimitrofe-cbnr.com\/index.php\/wp-json\/wp\/v2\/types\/post"}],"author":[{"embeddable":true,"href":"https:\/\/zonalimitrofe-cbnr.com\/index.php\/wp-json\/wp\/v2\/users\/1"}],"replies":[{"embeddable":true,"href":"https:\/\/zonalimitrofe-cbnr.com\/index.php\/wp-json\/wp\/v2\/comments?post=22982"}],"version-history":[{"count":1,"href":"https:\/\/zonalimitrofe-cbnr.com\/index.php\/wp-json\/wp\/v2\/posts\/22982\/revisions"}],"predecessor-version":[{"id":22984,"href":"https:\/\/zonalimitrofe-cbnr.com\/index.php\/wp-json\/wp\/v2\/posts\/22982\/revisions\/22984"}],"wp:featuredmedia":[{"embeddable":true,"href":"https:\/\/zonalimitrofe-cbnr.com\/index.php\/wp-json\/wp\/v2\/media\/22983"}],"wp:attachment":[{"href":"https:\/\/zonalimitrofe-cbnr.com\/index.php\/wp-json\/wp\/v2\/media?parent=22982"}],"wp:term":[{"taxonomy":"category","embeddable":true,"href":"https:\/\/zonalimitrofe-cbnr.com\/index.php\/wp-json\/wp\/v2\/categories?post=22982"},{"taxonomy":"post_tag","embeddable":true,"href":"https:\/\/zonalimitrofe-cbnr.com\/index.php\/wp-json\/wp\/v2\/tags?post=22982"}],"curies":[{"name":"wp","href":"https:\/\/api.w.org\/{rel}","templated":true}]}}