{"id":22954,"date":"2025-07-20T12:20:17","date_gmt":"2025-07-20T18:20:17","guid":{"rendered":"https:\/\/zonalimitrofe-cbnr.com\/?p=22954"},"modified":"2025-07-20T12:20:18","modified_gmt":"2025-07-20T18:20:18","slug":"lerdo-proximo-martes-acudiran-con-jornada-de-reforestacion-a-villa-leon-guzman","status":"publish","type":"post","link":"https:\/\/zonalimitrofe-cbnr.com\/index.php\/2025\/07\/20\/lerdo-proximo-martes-acudiran-con-jornada-de-reforestacion-a-villa-leon-guzman\/","title":{"rendered":"#Lerdo. PR\u00d3XIMO MARTES, ACUDIR\u00c1N CON JORNADA DE REFORESTACI\u00d3N A VILLA LE\u00d3N GUZM\u00c1N*"},"content":{"rendered":"\n<p>Lerdo, 20 de julio 2025.- El personal de la Direcci\u00f3n de Medio Ambiente y Ecolog\u00eda se instalar\u00e1 bajo el domo de la plaza principal de la Villa de Le\u00f3n Guzm\u00e1n, con la campa\u00f1a de reforestaci\u00f3n \u201cVen y Adopta un \u00c1rbol\u201d, el martes 22 de julio.<\/p>\n\n\n\n<p>El titular de la dependencia, Ricardo D\u00edaz Segovia, comparti\u00f3 que se espera de nueva cuenta entregar 200 ejemplares, pues en las diferentes villas del municipio esta actividad ha tenido muy buena respuesta y la gente se ha comprometido con el cuidado de los \u00e1rboles.<\/p>\n\n\n\n<p>Asegur\u00f3 que, precisamente ese es el objetivo, hacer part\u00edcipe a la ciudadan\u00eda en la preservaci\u00f3n del ecosistema, por ello, la instrucci\u00f3n del Presidente Municipal Homero Mart\u00ednez Cabrera es realizar esta donaci\u00f3n a lerdenses que realmente se comprometan.<\/p>\n\n\n\n<p>A la par, el personal de Medio Ambiente brinda una breve pero muy importante informaci\u00f3n de c\u00f3mo cuidar al ejemplar, desde su correcta plantaci\u00f3n y riego, hasta la poda y el acolchado, pr\u00e1cticas que contribuyen a la salud y crecimiento del \u00e1rbol.<\/p>\n","protected":false},"excerpt":{"rendered":"<p>Lerdo, 20 de julio 2025.- El personal de la Direcci\u00f3n de Medio Ambiente y Ecolog\u00eda se instalar\u00e1 bajo el domo de la plaza principal de la Villa de Le\u00f3n Guzm\u00e1n, con la campa\u00f1a de reforestaci\u00f3n \u201cVen y Adopta un \u00c1rbol\u201d, el martes 22 de julio. El titular de la dependencia, Ricardo D\u00edaz Segovia, comparti\u00f3 que [&hellip;]<\/p>\n","protected":false},"author":1,"featured_media":22955,"comment_status":"open","ping_status":"open","sticky":false,"template":"","format":"standard","meta":{"_monsterinsights_skip_tracking":false,"_monsterinsights_sitenote_active":false,"_monsterinsights_sitenote_note":"","_monsterinsights_sitenote_category":0,"footnotes":""},"categories":[1],"tags":[],"_links":{"self":[{"href":"https:\/\/zonalimitrofe-cbnr.com\/index.php\/wp-json\/wp\/v2\/posts\/22954"}],"collection":[{"href":"https:\/\/zonalimitrofe-cbnr.com\/index.php\/wp-json\/wp\/v2\/posts"}],"about":[{"href":"https:\/\/zonalimitrofe-cbnr.com\/index.php\/wp-json\/wp\/v2\/types\/post"}],"author":[{"embeddable":true,"href":"https:\/\/zonalimitrofe-cbnr.com\/index.php\/wp-json\/wp\/v2\/users\/1"}],"replies":[{"embeddable":true,"href":"https:\/\/zonalimitrofe-cbnr.com\/index.php\/wp-json\/wp\/v2\/comments?post=22954"}],"version-history":[{"count":1,"href":"https:\/\/zonalimitrofe-cbnr.com\/index.php\/wp-json\/wp\/v2\/posts\/22954\/revisions"}],"predecessor-version":[{"id":22956,"href":"https:\/\/zonalimitrofe-cbnr.com\/index.php\/wp-json\/wp\/v2\/posts\/22954\/revisions\/22956"}],"wp:featuredmedia":[{"embeddable":true,"href":"https:\/\/zonalimitrofe-cbnr.com\/index.php\/wp-json\/wp\/v2\/media\/22955"}],"wp:attachment":[{"href":"https:\/\/zonalimitrofe-cbnr.com\/index.php\/wp-json\/wp\/v2\/media?parent=22954"}],"wp:term":[{"taxonomy":"category","embeddable":true,"href":"https:\/\/zonalimitrofe-cbnr.com\/index.php\/wp-json\/wp\/v2\/categories?post=22954"},{"taxonomy":"post_tag","embeddable":true,"href":"https:\/\/zonalimitrofe-cbnr.com\/index.php\/wp-json\/wp\/v2\/tags?post=22954"}],"curies":[{"name":"wp","href":"https:\/\/api.w.org\/{rel}","templated":true}]}}