{"id":22951,"date":"2025-07-19T17:29:00","date_gmt":"2025-07-19T23:29:00","guid":{"rendered":"https:\/\/zonalimitrofe-cbnr.com\/?p=22951"},"modified":"2025-07-19T17:29:01","modified_gmt":"2025-07-19T23:29:01","slug":"gp-estrecha-betzabe-martinez-dialogo-y-colaboracion-con-el-gobierno-federal-para-que-se-incluya-a-gomez-palacio-en-el-plan-mexico","status":"publish","type":"post","link":"https:\/\/zonalimitrofe-cbnr.com\/index.php\/2025\/07\/19\/gp-estrecha-betzabe-martinez-dialogo-y-colaboracion-con-el-gobierno-federal-para-que-se-incluya-a-gomez-palacio-en-el-plan-mexico\/","title":{"rendered":"#GP. Estrecha Betzab\u00e9 Mart\u00ednez di\u00e1logo y colaboraci\u00f3n con el Gobierno Federal para que se incluya a G\u00f3mez Palacio en el Plan M\u00e9xico"},"content":{"rendered":"\n<p>Victoria de Durango, Dgo., 19 de julio de 2025<br><br>\u25cf &#8220;La industria es un pilar fundamental para el desarrollo y crecimiento sostenible de<br>G\u00f3mez Palacio&#8221;, afirma.<br>Betzab\u00e9 Mart\u00ednez Arango, presidenta municipal electa de G\u00f3mez Palacio, tom\u00f3 parte en un<br>encuentro con alcaldes del estado de Durango, con el objetivo de ser considerados en el<br>Plan M\u00e9xico, programa de inversi\u00f3n y desarrollo econ\u00f3mico impulsado por el Gobierno<br>Federal, con total compromiso de parte de la presidenta de la Rep\u00fablica, Claudia<br>Sheinbaum.<br>En lo que signific\u00f3 la celebraci\u00f3n del Foro Ciudadano Durango, con la destacada<br>participaci\u00f3n de representantes de la Iniciativa Privada, se trataron temas como el<br>relanzamiento de la marca Hecho en M\u00e9xico con el objetivo de incentivar que productores<br>se inscriban a esta denominaci\u00f3n.<br>Otro asunto abordado fue la conformaci\u00f3n de un Portafolio de Inversiones, actualmente<br>constitu\u00eddo por casi 2 mil proyectos, en el que contempla apoyo para que las empresas<br>inviertan, crezcan y se propicie la inversi\u00f3n productiva en los municipios.<br>Otros temas planteados en este encuentro fueron: la Electromovilidad, que involucra el uso<br>de veh\u00edculos 100% el\u00e9ctricos y el desarrollo de Polos Econ\u00f3micos del Bienestar con los que<br>se trata de ordenar la inversi\u00f3n a trav\u00e9s de clusters, zonas donde haya industria, que<br>permitan tener inversi\u00f3n de empresas manufactureras y de servicios, con el plus de que<br>dichos n\u00facleos cuenten con vivienda, hospitales y cumplan con el ordenamiento ambiental<br>necesario para su desarrollo.<br>Al reconocer que se contemplan deducciones especiales y apoyos fiscales y que dichos<br>beneficios consideran a Durango como parte de los 15 Polos Econ\u00f3micos del Bienestar de<br>todo el pa\u00eds, Betzab\u00e9 Mart\u00ednez aprovech\u00f3 la oportunidad para ponderar la importancia de<br>&#8220;fortalecer la econom\u00eda, el comercio interno, impulsar el desarrollo y visibilizar lo que se<br>produce en el municipio&#8221;.<br>Insisti\u00f3 en que la industria es un pilar fundamental para el desarrollo y crecimiento<br>sostenible de G\u00f3mez Palacio, y por ello es que busca hacer sinergia con el Gobierno<br>Federal y el Estado, as\u00ed como colaborar de forma estrecha con los empresarios para lograr<br>la inserci\u00f3n del municipio en el Plan M\u00e9xico.<br>Menci\u00f3n aparte hizo de la necesidad de ser parte del Plan H\u00eddrico Nacional, a fin de que se<br>consolide en G\u00f3mez Palacio el Programa de Agua Saludable para la Laguna, mientras que<br>a nivel local gestiona la rehabilitaci\u00f3n de la red de agua potable y del emisor central de<br>drenaje, en referencia a su reciente encuentro con el titular de Conagua.<br>La pr\u00f3xima presidenta municipal de G\u00f3mez Palacio dijo que buscar\u00e1 incidir en el<br>presupuesto a ejercer durante 2026 y para ello se trabaja en conjunto con el Gobierno de<br>Durango, adem\u00e1s de aplicar su experiencia legislativa previa en esta materia.<\/p>\n","protected":false},"excerpt":{"rendered":"<p>Victoria de Durango, Dgo., 19 de julio de 2025 \u25cf &#8220;La industria es un pilar fundamental para el desarrollo y crecimiento sostenible deG\u00f3mez Palacio&#8221;, afirma.Betzab\u00e9 Mart\u00ednez Arango, presidenta municipal electa de G\u00f3mez Palacio, tom\u00f3 parte en unencuentro con alcaldes del estado de Durango, con el objetivo de ser considerados en elPlan M\u00e9xico, programa de inversi\u00f3n [&hellip;]<\/p>\n","protected":false},"author":1,"featured_media":22952,"comment_status":"open","ping_status":"open","sticky":false,"template":"","format":"standard","meta":{"_monsterinsights_skip_tracking":false,"_monsterinsights_sitenote_active":false,"_monsterinsights_sitenote_note":"","_monsterinsights_sitenote_category":0,"footnotes":""},"categories":[1],"tags":[],"_links":{"self":[{"href":"https:\/\/zonalimitrofe-cbnr.com\/index.php\/wp-json\/wp\/v2\/posts\/22951"}],"collection":[{"href":"https:\/\/zonalimitrofe-cbnr.com\/index.php\/wp-json\/wp\/v2\/posts"}],"about":[{"href":"https:\/\/zonalimitrofe-cbnr.com\/index.php\/wp-json\/wp\/v2\/types\/post"}],"author":[{"embeddable":true,"href":"https:\/\/zonalimitrofe-cbnr.com\/index.php\/wp-json\/wp\/v2\/users\/1"}],"replies":[{"embeddable":true,"href":"https:\/\/zonalimitrofe-cbnr.com\/index.php\/wp-json\/wp\/v2\/comments?post=22951"}],"version-history":[{"count":1,"href":"https:\/\/zonalimitrofe-cbnr.com\/index.php\/wp-json\/wp\/v2\/posts\/22951\/revisions"}],"predecessor-version":[{"id":22953,"href":"https:\/\/zonalimitrofe-cbnr.com\/index.php\/wp-json\/wp\/v2\/posts\/22951\/revisions\/22953"}],"wp:featuredmedia":[{"embeddable":true,"href":"https:\/\/zonalimitrofe-cbnr.com\/index.php\/wp-json\/wp\/v2\/media\/22952"}],"wp:attachment":[{"href":"https:\/\/zonalimitrofe-cbnr.com\/index.php\/wp-json\/wp\/v2\/media?parent=22951"}],"wp:term":[{"taxonomy":"category","embeddable":true,"href":"https:\/\/zonalimitrofe-cbnr.com\/index.php\/wp-json\/wp\/v2\/categories?post=22951"},{"taxonomy":"post_tag","embeddable":true,"href":"https:\/\/zonalimitrofe-cbnr.com\/index.php\/wp-json\/wp\/v2\/tags?post=22951"}],"curies":[{"name":"wp","href":"https:\/\/api.w.org\/{rel}","templated":true}]}}