{"id":22945,"date":"2025-07-19T17:17:45","date_gmt":"2025-07-19T23:17:45","guid":{"rendered":"https:\/\/zonalimitrofe-cbnr.com\/?p=22945"},"modified":"2025-07-19T17:17:45","modified_gmt":"2025-07-19T23:17:45","slug":"durango-productores-de-penon-blanco-reconocen-que-los-apoyos-del-gobierno-de-esteban-llegan-en-tiempo-y-forma","status":"publish","type":"post","link":"https:\/\/zonalimitrofe-cbnr.com\/index.php\/2025\/07\/19\/durango-productores-de-penon-blanco-reconocen-que-los-apoyos-del-gobierno-de-esteban-llegan-en-tiempo-y-forma\/","title":{"rendered":"#Durango. Productores de Pe\u00f1\u00f3n Blanco reconocen que los apoyos del Gobierno de Esteban llegan en tiempo y forma*"},"content":{"rendered":"\n<ul>\n<li><em>\u201cRecibimos semilla de avena, frijol y suplemento alimenticio de buena calidad\u201d, destacan beneficiarios<\/em><\/li>\n<\/ul>\n\n\n\n<p>Productores de Pe\u00f1\u00f3n Blanco expresaron su reconocimiento al gobernador Esteban Villegas Villarreal, por los apoyos que est\u00e1n llegando a tiempo y con calidad, como parte de la estrategia estatal para fortalecer al campo duranguense.<\/p>\n\n\n\n<p>Gracias a esta acci\u00f3n, recibieron semilla de avena, frijol y suplemento alimenticio que impulsar\u00e1n la actividad agr\u00edcola y ganadera de la regi\u00f3n.<\/p>\n\n\n\n<p>\u201cNos hemos visto beneficiados al cien por ciento. Esta ayuda llega justo cuando m\u00e1s la necesitamos; antes el apoyo llegaba tarde, pero hoy estamos en el mejor tiempo para sembrar. Las lluvias han favorecido y con esta semilla de buena calidad, vamos a seguir adelante. Agradecemos al Gobernador su esfuerzo\u201d, comparti\u00f3 Domingo Sari\u00f1ana Valles, productor beneficiario.<\/p>\n\n\n\n<p>Desde la comunidad de Yerbaniz, \u00d3scar Daniel Flores Mart\u00ednez asegur\u00f3 que \u201cestos apoyos est\u00e1n llegando en tiempo y forma. La semilla de avena y frijol es de excelente calidad, al igual que el suplemento alimenticio. Es una estrategia muy atinada del Gobernador y definitivamente nos va a beneficiar\u201d.<\/p>\n\n\n\n<p>\u201cJusto a tiempo llegan los apoyos. Hemos tenido a\u00f1os en los que no llegaba nada. Ya vimos la semilla: el grano es grande y bueno para cosechar. Si la semilla es buena, la producci\u00f3n mejora\u201d, coment\u00f3 Mar\u00eda Teresa Ochoa Ju\u00e1rez, tambi\u00e9n beneficiaria.<\/p>\n\n\n\n<p>Por su parte, el ganadero Jos\u00e9 Roberto Ram\u00edrez Pantoja destac\u00f3 que \u201cel Gobernador demuestra conocimiento de la problem\u00e1tica del municipio y del estado. A m\u00ed me van a entregar suplemento alimenticio y es evidente que es un producto de calidad, no es enga\u00f1o. Como productor reconozco la diferencia y por eso le agradecemos profundamente\u201d.<\/p>\n","protected":false},"excerpt":{"rendered":"<p>Productores de Pe\u00f1\u00f3n Blanco expresaron su reconocimiento al gobernador Esteban Villegas Villarreal, por los apoyos que est\u00e1n llegando a tiempo y con calidad, como parte de la estrategia estatal para fortalecer al campo duranguense. Gracias a esta acci\u00f3n, recibieron semilla de avena, frijol y suplemento alimenticio que impulsar\u00e1n la actividad agr\u00edcola y ganadera de la [&hellip;]<\/p>\n","protected":false},"author":1,"featured_media":22946,"comment_status":"open","ping_status":"open","sticky":false,"template":"","format":"standard","meta":{"_monsterinsights_skip_tracking":false,"_monsterinsights_sitenote_active":false,"_monsterinsights_sitenote_note":"","_monsterinsights_sitenote_category":0,"footnotes":""},"categories":[1],"tags":[],"_links":{"self":[{"href":"https:\/\/zonalimitrofe-cbnr.com\/index.php\/wp-json\/wp\/v2\/posts\/22945"}],"collection":[{"href":"https:\/\/zonalimitrofe-cbnr.com\/index.php\/wp-json\/wp\/v2\/posts"}],"about":[{"href":"https:\/\/zonalimitrofe-cbnr.com\/index.php\/wp-json\/wp\/v2\/types\/post"}],"author":[{"embeddable":true,"href":"https:\/\/zonalimitrofe-cbnr.com\/index.php\/wp-json\/wp\/v2\/users\/1"}],"replies":[{"embeddable":true,"href":"https:\/\/zonalimitrofe-cbnr.com\/index.php\/wp-json\/wp\/v2\/comments?post=22945"}],"version-history":[{"count":1,"href":"https:\/\/zonalimitrofe-cbnr.com\/index.php\/wp-json\/wp\/v2\/posts\/22945\/revisions"}],"predecessor-version":[{"id":22947,"href":"https:\/\/zonalimitrofe-cbnr.com\/index.php\/wp-json\/wp\/v2\/posts\/22945\/revisions\/22947"}],"wp:featuredmedia":[{"embeddable":true,"href":"https:\/\/zonalimitrofe-cbnr.com\/index.php\/wp-json\/wp\/v2\/media\/22946"}],"wp:attachment":[{"href":"https:\/\/zonalimitrofe-cbnr.com\/index.php\/wp-json\/wp\/v2\/media?parent=22945"}],"wp:term":[{"taxonomy":"category","embeddable":true,"href":"https:\/\/zonalimitrofe-cbnr.com\/index.php\/wp-json\/wp\/v2\/categories?post=22945"},{"taxonomy":"post_tag","embeddable":true,"href":"https:\/\/zonalimitrofe-cbnr.com\/index.php\/wp-json\/wp\/v2\/tags?post=22945"}],"curies":[{"name":"wp","href":"https:\/\/api.w.org\/{rel}","templated":true}]}}