{"id":22942,"date":"2025-07-19T17:15:55","date_gmt":"2025-07-19T23:15:55","guid":{"rendered":"https:\/\/zonalimitrofe-cbnr.com\/?p=22942"},"modified":"2025-07-19T17:15:55","modified_gmt":"2025-07-19T23:15:55","slug":"torreon-impartiran-conferencia-sobre-conquistador-africano-en-la-epoca-colonial","status":"publish","type":"post","link":"https:\/\/zonalimitrofe-cbnr.com\/index.php\/2025\/07\/19\/torreon-impartiran-conferencia-sobre-conquistador-africano-en-la-epoca-colonial\/","title":{"rendered":"#Torre\u00f3n. Impartir\u00e1n conferencia sobre conquistador africano en la \u00e9poca colonial"},"content":{"rendered":"\n<p>Torre\u00f3n, Coahuila, 19 de julio de 2025<\/p>\n\n\n\n<p>El Archivo Municipal invita a la conferencia sobre historia: Los h\u00e9roes que M\u00e9xico olvid\u00f3, Juan Garrido y los tlaxcaltecas: constructores de la Nueva Espa\u00f1a, que ser\u00e1 impartida por el escritor, tallerista y editor Miguel Amaranto, el pr\u00f3ximo mi\u00e9rcoles 23 de julio en punto de las 19:00 horas, con entrada libre.<\/p>\n\n\n\n<p>Cinthia Gaspar Montero, directora de la dependencia, inform\u00f3 que el objetivo de este encuentro es rescatar figuras hist\u00f3ricas fundamentales que fueron omitidas de la narrativa oficial y mostrar la riqueza multicultural que caracteriz\u00f3 la construcci\u00f3n de M\u00e9xico desde sus inicios.<\/p>\n\n\n\n<p>Entre los temas a abordar en la charla, destaca el papel que Juan Garrido desempe\u00f1\u00f3 al plantar el primer trigo en el Nuevo Mundo. Por otro lado, desde una mirada historiogr\u00e1fica, se hablar\u00e1 del impacto de los tlaxcaltecas como los conquistadores ind\u00edgenas que fundaron el norte del pa\u00eds, su presencia en la regi\u00f3n de La Laguna y el establecimiento de Santiago de Mapim\u00ed.<\/p>\n\n\n\n<p>Miguel Amaranto naci\u00f3 en el distrito Oyot\u00fan, provincia de Chiclayo, departamento de Lambayeque en Per\u00fa. Desde 2002 radica en Torre\u00f3n y sus cuentos y poemas se han publicado en revistas de M\u00e9xico, Per\u00fa y Argentina.<\/p>\n\n\n\n<p>Entre sus libros de poes\u00eda destacan: M\u00e1s all\u00e1 del sue\u00f1o, Cenizas y Subterr\u00e1neo Azul. Su libro de cuentos El ladroncito de soles, se public\u00f3 en el Per\u00fa en 2021 y La \u00faltima cena, del g\u00e9nero narrativo, es considerado como un libro que limita entre el cuento largo y la novela corta.<\/p>\n\n\n\n<p>En el art\u00edculo Conquistadores africanos, la Dra. Rosario Nava Rom\u00e1n, del Instituto de Investigaciones Hist\u00f3ricas de la Universidad Nacional Aut\u00f3noma de M\u00e9xico (UNAM), se\u00f1ala que uno de los cap\u00edtulos menos conocidos del per\u00edodo de conquista que emprendi\u00f3 Hern\u00e1n Cort\u00e9s, es la participaci\u00f3n de africanos como activos conquistadores, en virtud de que en las cr\u00f3nicas novohispanas son mencionados de forma marginal o bien, \u00fanicamente como negros, esclavos o siervos<\/p>\n\n\n\n<p>En ese sentido, la soci\u00f3loga e historiadora de arte de la UNAM, resalta que aunque es importante subrayar que s\u00ed existi\u00f3 la participaci\u00f3n involuntaria de esclavos africanos en dicha empresa, no puede decirse que haya sido la \u00fanica: \u201cEn este caso, en los \u00faltimos a\u00f1os, gracias a investigaciones acad\u00e9micas, se han podido rescatar desde historias de vida, hasta informaci\u00f3n m\u00e1s general que sustenta la participaci\u00f3n de africanos y afrodescendientes dentro de la conquista y colonizaci\u00f3n que realizaron los espa\u00f1oles por distintas regiones del continente americano\u201d.<\/p>\n\n\n\n<p>En el caso de M\u00e9xico, existen evidencias de que Juan Garrido particip\u00f3 en la ca\u00edda de Tenochtitlan, aunque en momentos no tan favorables para la empresa de conquista, pues su menci\u00f3n se da tras la derrota de la \u201cNoche triste\u201d. Garrido fue uno de los conquistadores que ayud\u00f3 a rescatar los cuerpos de sus compa\u00f1eros ca\u00eddos y posteriormente a construir una capilla para darles entierro.<\/p>\n\n\n\n<p>\u201cPor las caracter\u00edsticas de su historia de vida, es muy posible que Juan Garrido haya sido el conquistador africano representado en el C\u00f3dice Azcatitlan, sujetando a un caballo y siendo parte de la descripci\u00f3n ind\u00edgena de la empresa de conquista. En esta imagen es el africano, entre todos los conquistadores, incluyendo al propio Cort\u00e9s, quien es llevado a un primer plano de importancia visual a trav\u00e9s del uso del color empleado por el pintor ind\u00edgena\u201d, agrega la investigadora y profesora de asignatura de la Escuela Nacional de Pintura y Escultura.<\/p>\n\n\n\n<p>El conquistador africano del Azcatitlan, m\u00e1s all\u00e1 de poder ser Juan Garrido, es sin duda uno de los personajes de la empresa que quedaron en la memoria ind\u00edgena como uno de los integrantes que m\u00e1s les impactaron. Situaci\u00f3n que coincide con la narraci\u00f3n vertida en el libro XII de la Conquista, del C\u00f3dice Florentino, de Fray Bernardino de Sahag\u00fan, donde los informantes ind\u00edgenas mencionan que los hombres negros y no s\u00f3lo los hombres blancos espa\u00f1oles, fueron tomados como \u201cdioses\u201d.<\/p>\n","protected":false},"excerpt":{"rendered":"<p>Torre\u00f3n, Coahuila, 19 de julio de 2025 El Archivo Municipal invita a la conferencia sobre historia: Los h\u00e9roes que M\u00e9xico olvid\u00f3, Juan Garrido y los tlaxcaltecas: constructores de la Nueva Espa\u00f1a, que ser\u00e1 impartida por el escritor, tallerista y editor Miguel Amaranto, el pr\u00f3ximo mi\u00e9rcoles 23 de julio en punto de las 19:00 horas, con [&hellip;]<\/p>\n","protected":false},"author":1,"featured_media":22943,"comment_status":"open","ping_status":"open","sticky":false,"template":"","format":"standard","meta":{"_monsterinsights_skip_tracking":false,"_monsterinsights_sitenote_active":false,"_monsterinsights_sitenote_note":"","_monsterinsights_sitenote_category":0,"footnotes":""},"categories":[1],"tags":[],"_links":{"self":[{"href":"https:\/\/zonalimitrofe-cbnr.com\/index.php\/wp-json\/wp\/v2\/posts\/22942"}],"collection":[{"href":"https:\/\/zonalimitrofe-cbnr.com\/index.php\/wp-json\/wp\/v2\/posts"}],"about":[{"href":"https:\/\/zonalimitrofe-cbnr.com\/index.php\/wp-json\/wp\/v2\/types\/post"}],"author":[{"embeddable":true,"href":"https:\/\/zonalimitrofe-cbnr.com\/index.php\/wp-json\/wp\/v2\/users\/1"}],"replies":[{"embeddable":true,"href":"https:\/\/zonalimitrofe-cbnr.com\/index.php\/wp-json\/wp\/v2\/comments?post=22942"}],"version-history":[{"count":1,"href":"https:\/\/zonalimitrofe-cbnr.com\/index.php\/wp-json\/wp\/v2\/posts\/22942\/revisions"}],"predecessor-version":[{"id":22944,"href":"https:\/\/zonalimitrofe-cbnr.com\/index.php\/wp-json\/wp\/v2\/posts\/22942\/revisions\/22944"}],"wp:featuredmedia":[{"embeddable":true,"href":"https:\/\/zonalimitrofe-cbnr.com\/index.php\/wp-json\/wp\/v2\/media\/22943"}],"wp:attachment":[{"href":"https:\/\/zonalimitrofe-cbnr.com\/index.php\/wp-json\/wp\/v2\/media?parent=22942"}],"wp:term":[{"taxonomy":"category","embeddable":true,"href":"https:\/\/zonalimitrofe-cbnr.com\/index.php\/wp-json\/wp\/v2\/categories?post=22942"},{"taxonomy":"post_tag","embeddable":true,"href":"https:\/\/zonalimitrofe-cbnr.com\/index.php\/wp-json\/wp\/v2\/tags?post=22942"}],"curies":[{"name":"wp","href":"https:\/\/api.w.org\/{rel}","templated":true}]}}