{"id":22927,"date":"2025-07-19T17:00:38","date_gmt":"2025-07-19T23:00:38","guid":{"rendered":"https:\/\/zonalimitrofe-cbnr.com\/?p=22927"},"modified":"2025-07-19T17:00:38","modified_gmt":"2025-07-19T23:00:38","slug":"durango-gobierno-de-esteban-invita-a-empresarios-a-su-campana-por-una-cultura-laboral-empatica","status":"publish","type":"post","link":"https:\/\/zonalimitrofe-cbnr.com\/index.php\/2025\/07\/19\/durango-gobierno-de-esteban-invita-a-empresarios-a-su-campana-por-una-cultura-laboral-empatica\/","title":{"rendered":"#Durango. Gobierno de Esteban invita a empresarios a su campa\u00f1a \u201cPor una Cultura Laboral Emp\u00e1tica\u201d"},"content":{"rendered":"\n<ul>\n<li>Miembros de CANACINTRA GP reciben capacitaci\u00f3n \u201cPor una cultura laboral emp\u00e1tica\u201d<\/li>\n<\/ul>\n\n\n\n<p>Comarca Lagunera., En su reciente visita a la Laguna, la secretaria del Trabajo y Previsi\u00f3n Social de Durango (STPS), Bel\u00e9n Berenice Morales de \u00c1vila, encabez\u00f3 la capacitaci\u00f3n dirigida a los agremiados de la C\u00e1mara Nacional de la Industria de la transformaci\u00f3n (CANACINTRA) de G\u00f3mez Palacio, sobre la campa\u00f1a que impulsa el gobierno de Esteban Villegas Villarreal, titulada: \u201cPor un Cultura Laboral Emp\u00e1tica\u201d, donde se analizaron los lineamientos vigentes de la Norma 035 sobre los riesgos psicosociales en el trabajo.<br>Al respecto, la secretaria del Trabajo precis\u00f3 que m\u00e1s de 80 miembros de la C\u00e1mara Empresarial participaron en esta primera capacitaci\u00f3n, partiendo de la idea de que, como patrones o responsables de \u00e1reas enfocadas a los recursos humanos, muchas veces se desconoce las situaciones que viven los trabajadores como, por ejemplo, la p\u00e9rdida de alg\u00fan integrante de su familia.<br>\u201cGeneralmente, como patrones, pasamos por alto situaciones que afectan las emociones de nuestra gente y que, por ende, trastocan el desempe\u00f1o de las funciones en los centros de trabajo. Es un tema que requiere de atenci\u00f3n y apoyos muy espec\u00edficos, y con la campa\u00f1a \u201cPor una cultura laboral emp\u00e1tica\u201d nos hemos propuesto fomentar la necesidad de entornos m\u00e1s humanos en las empresas y el servicio p\u00fablico\u201d, subray\u00f3.<br>En su mensaje a los industriales, Bel\u00e9n Berenice Morales de \u00c1vila dijo: \u201cA nombre del gobernador Esteban Villegas Villarreal, agradecemos a CANACINTRA G\u00f3mez Palacio el sumarse a la campa\u00f1a, y abrirnos este espacio, como muestra de su inter\u00e9s y compromiso por generar un ambiente laboral m\u00e1s emp\u00e1tico, de acuerdo a las necesidades sociales que se han venido presentando; porque muchas veces nos enfocamos en nuestros objetivos profesionales, en las metas laborales que tenemos que alcanzar y dejamos de lado el sentido humano que tambi\u00e9n tenemos que darle al desempe\u00f1o de nuestras funciones. Reiteramos la invitaci\u00f3n a todos los empresarios para sumarse a esta Campa\u00f1a\u201d, expres\u00f3 la funcionaria.<br>En esta campa\u00f1a colaboran la Secretar\u00eda General de Gobierno a trav\u00e9s de la Comisi\u00f3n Estatal de B\u00fasqueda de Personas, la Delegaci\u00f3n del Instituto Mexicano del Seguro Social (IMSS) delegaci\u00f3n Durango, el Instituto de Desarrollo Humano y Valores del Gobierno Municipal de Durango y en esta primera capacitaci\u00f3n en la regi\u00f3n laguna, participaron empresarios y titulares de las \u00e1reas de recursos humanos de las empresas miembros, as\u00ed como servidores p\u00fablicos de G\u00f3mez Palacio y Lerdo.<br>Finalmente, acompa\u00f1aron a la titular de la STPS, el comisionado estatal de B\u00fasqueda de Personas, Carlos Burciaga Rosales; el director de CANACINTRA G\u00f3mez Palacio, Miguel Mart\u00ednez Mu\u00f1oz, en representaci\u00f3n del presidente Pedro Aguirre Mart\u00ednez; El\u00edas Eduardo Briones Salinas, coordinador auxiliar de Seguridad en el Trabajo del IMSS Durango; la directora del DIF Municipal de G\u00f3mez Palacio, Brenda Calder\u00f3n Carrete.<\/p>\n","protected":false},"excerpt":{"rendered":"<p>Comarca Lagunera., En su reciente visita a la Laguna, la secretaria del Trabajo y Previsi\u00f3n Social de Durango (STPS), Bel\u00e9n Berenice Morales de \u00c1vila, encabez\u00f3 la capacitaci\u00f3n dirigida a los agremiados de la C\u00e1mara Nacional de la Industria de la transformaci\u00f3n (CANACINTRA) de G\u00f3mez Palacio, sobre la campa\u00f1a que impulsa el gobierno de Esteban Villegas [&hellip;]<\/p>\n","protected":false},"author":1,"featured_media":22928,"comment_status":"open","ping_status":"open","sticky":false,"template":"","format":"standard","meta":{"_monsterinsights_skip_tracking":false,"_monsterinsights_sitenote_active":false,"_monsterinsights_sitenote_note":"","_monsterinsights_sitenote_category":0,"footnotes":""},"categories":[1],"tags":[],"_links":{"self":[{"href":"https:\/\/zonalimitrofe-cbnr.com\/index.php\/wp-json\/wp\/v2\/posts\/22927"}],"collection":[{"href":"https:\/\/zonalimitrofe-cbnr.com\/index.php\/wp-json\/wp\/v2\/posts"}],"about":[{"href":"https:\/\/zonalimitrofe-cbnr.com\/index.php\/wp-json\/wp\/v2\/types\/post"}],"author":[{"embeddable":true,"href":"https:\/\/zonalimitrofe-cbnr.com\/index.php\/wp-json\/wp\/v2\/users\/1"}],"replies":[{"embeddable":true,"href":"https:\/\/zonalimitrofe-cbnr.com\/index.php\/wp-json\/wp\/v2\/comments?post=22927"}],"version-history":[{"count":1,"href":"https:\/\/zonalimitrofe-cbnr.com\/index.php\/wp-json\/wp\/v2\/posts\/22927\/revisions"}],"predecessor-version":[{"id":22929,"href":"https:\/\/zonalimitrofe-cbnr.com\/index.php\/wp-json\/wp\/v2\/posts\/22927\/revisions\/22929"}],"wp:featuredmedia":[{"embeddable":true,"href":"https:\/\/zonalimitrofe-cbnr.com\/index.php\/wp-json\/wp\/v2\/media\/22928"}],"wp:attachment":[{"href":"https:\/\/zonalimitrofe-cbnr.com\/index.php\/wp-json\/wp\/v2\/media?parent=22927"}],"wp:term":[{"taxonomy":"category","embeddable":true,"href":"https:\/\/zonalimitrofe-cbnr.com\/index.php\/wp-json\/wp\/v2\/categories?post=22927"},{"taxonomy":"post_tag","embeddable":true,"href":"https:\/\/zonalimitrofe-cbnr.com\/index.php\/wp-json\/wp\/v2\/tags?post=22927"}],"curies":[{"name":"wp","href":"https:\/\/api.w.org\/{rel}","templated":true}]}}