{"id":22921,"date":"2025-07-19T16:54:57","date_gmt":"2025-07-19T22:54:57","guid":{"rendered":"https:\/\/zonalimitrofe-cbnr.com\/?p=22921"},"modified":"2025-07-19T16:54:57","modified_gmt":"2025-07-19T22:54:57","slug":"torreon-con-feria-turistica-ninos-y-ninas-del-curso-de-verano-dif-2025-tendran-una-experiencia-divertida-para-conocer-torreon","status":"publish","type":"post","link":"https:\/\/zonalimitrofe-cbnr.com\/index.php\/2025\/07\/19\/torreon-con-feria-turistica-ninos-y-ninas-del-curso-de-verano-dif-2025-tendran-una-experiencia-divertida-para-conocer-torreon\/","title":{"rendered":"#Torre\u00f3n. Con Feria Tur\u00edstica, ni\u00f1os y ni\u00f1as del Curso de Verano DIF 2025 tendr\u00e1n una experiencia divertida para conocer Torre\u00f3n"},"content":{"rendered":"\n<p>Torre\u00f3n, Coahuila a 19 de julio del 2025<\/p>\n\n\n\n<p>Como parte de los Cursos de Verano 2025 organizados por el Sistema para el Desarrollo Integral de la Familia (DIF) Torre\u00f3n, a la par se llevar\u00e1 a cabo la Feria Tur\u00edstica en tres de sus sedes: el Complejo Deportivo La Jabonera, el Gimnasio Las Alamedas y el Multideportivo Oriente.<\/p>\n\n\n\n<p>Las actividades est\u00e1n a cargo de la Direcci\u00f3n de Turismo Municipal que dirige Natalia Hoyos Guerrero.<\/p>\n\n\n\n<p>Esta iniciativa tiene como principal objetivo fomentar el conocimiento, sentido de pertenencia y orgullo local en las ni\u00f1as y los ni\u00f1os que participan en estos espacios recreativos.<\/p>\n\n\n\n<p>\u201cA trav\u00e9s de actividades l\u00fadicas, educativas y divertidas, la Feria Tur\u00edstica busca que las infancias tengan un acercamiento vivencial a los espacios tur\u00edsticos, culturales e hist\u00f3ricos del municipio\u201d, inform\u00f3 Hoyos Guerrero.<\/p>\n\n\n\n<p>Entre las principales amenidades que podr\u00e1n disfrutar se encuentran:<\/p>\n\n\n\n<p>Loter\u00eda de Torre\u00f3n en el que cada carta muestra un destino tur\u00edstico o s\u00edmbolo representativo de la ciudad, promoviendo as\u00ed el conocimiento del patrimonio de forma entretenida.<\/p>\n\n\n\n<p>Rally o Mapa Tur\u00edstico, donde los participantes recorrer\u00e1n un mapa gigante donde identificar\u00e1n los principales puntos de inter\u00e9s del municipio, aprendiendo sobre su ubicaci\u00f3n y relevancia dentro del entorno local.<\/p>\n\n\n\n<p>Taller de Agua Celis, en el que las infancias conocer\u00e1n el proceso artesanal detr\u00e1s de una de las bebidas m\u00e1s representativas de Torre\u00f3n, fomentando la conexi\u00f3n con nuestras tradiciones gastron\u00f3micas.<\/p>\n\n\n\n<p>La funcionaria afirm\u00f3 que este tipo de actividades son clave para el desarrollo integral de la ni\u00f1ez, ya que promueven la educaci\u00f3n no formal, estimulan la curiosidad y el aprendizaje activo, adem\u00e1s de que fortalecen los lazos con la comunidad.<\/p>\n\n\n\n<p>\u201cInvolucrar a las infancias en el conocimiento del lugar donde viven no solo enriquece su identidad, sino que tambi\u00e9n forma generaciones de ciudadanos comprometidos con el cuidado, la promoci\u00f3n y el desarrollo de su entorno, el cual es un inter\u00e9s en la Administraci\u00f3n Municipal del alcalde Rom\u00e1n Alberto Cepeda Gonz\u00e1lez\u201d, dijo Hoyos Guerrero.<\/p>\n","protected":false},"excerpt":{"rendered":"<p>Torre\u00f3n, Coahuila a 19 de julio del 2025 Como parte de los Cursos de Verano 2025 organizados por el Sistema para el Desarrollo Integral de la Familia (DIF) Torre\u00f3n, a la par se llevar\u00e1 a cabo la Feria Tur\u00edstica en tres de sus sedes: el Complejo Deportivo La Jabonera, el Gimnasio Las Alamedas y el [&hellip;]<\/p>\n","protected":false},"author":1,"featured_media":22922,"comment_status":"open","ping_status":"open","sticky":false,"template":"","format":"standard","meta":{"_monsterinsights_skip_tracking":false,"_monsterinsights_sitenote_active":false,"_monsterinsights_sitenote_note":"","_monsterinsights_sitenote_category":0,"footnotes":""},"categories":[1],"tags":[],"_links":{"self":[{"href":"https:\/\/zonalimitrofe-cbnr.com\/index.php\/wp-json\/wp\/v2\/posts\/22921"}],"collection":[{"href":"https:\/\/zonalimitrofe-cbnr.com\/index.php\/wp-json\/wp\/v2\/posts"}],"about":[{"href":"https:\/\/zonalimitrofe-cbnr.com\/index.php\/wp-json\/wp\/v2\/types\/post"}],"author":[{"embeddable":true,"href":"https:\/\/zonalimitrofe-cbnr.com\/index.php\/wp-json\/wp\/v2\/users\/1"}],"replies":[{"embeddable":true,"href":"https:\/\/zonalimitrofe-cbnr.com\/index.php\/wp-json\/wp\/v2\/comments?post=22921"}],"version-history":[{"count":1,"href":"https:\/\/zonalimitrofe-cbnr.com\/index.php\/wp-json\/wp\/v2\/posts\/22921\/revisions"}],"predecessor-version":[{"id":22923,"href":"https:\/\/zonalimitrofe-cbnr.com\/index.php\/wp-json\/wp\/v2\/posts\/22921\/revisions\/22923"}],"wp:featuredmedia":[{"embeddable":true,"href":"https:\/\/zonalimitrofe-cbnr.com\/index.php\/wp-json\/wp\/v2\/media\/22922"}],"wp:attachment":[{"href":"https:\/\/zonalimitrofe-cbnr.com\/index.php\/wp-json\/wp\/v2\/media?parent=22921"}],"wp:term":[{"taxonomy":"category","embeddable":true,"href":"https:\/\/zonalimitrofe-cbnr.com\/index.php\/wp-json\/wp\/v2\/categories?post=22921"},{"taxonomy":"post_tag","embeddable":true,"href":"https:\/\/zonalimitrofe-cbnr.com\/index.php\/wp-json\/wp\/v2\/tags?post=22921"}],"curies":[{"name":"wp","href":"https:\/\/api.w.org\/{rel}","templated":true}]}}