{"id":22906,"date":"2025-07-18T18:30:48","date_gmt":"2025-07-19T00:30:48","guid":{"rendered":"https:\/\/zonalimitrofe-cbnr.com\/?p=22906"},"modified":"2025-07-18T18:30:49","modified_gmt":"2025-07-19T00:30:49","slug":"congresocoahuila-fortalecer-educacion-ambiental-en-el-sistema-educativo-nacional-piden-diputados","status":"publish","type":"post","link":"https:\/\/zonalimitrofe-cbnr.com\/index.php\/2025\/07\/18\/congresocoahuila-fortalecer-educacion-ambiental-en-el-sistema-educativo-nacional-piden-diputados\/","title":{"rendered":"#CongresoCoahuila. Fortalecer educaci\u00f3n ambiental en el sistema educativo nacional, piden diputados"},"content":{"rendered":"\n<p><strong>Saltillo, Coahuila, 19 de julio de 2025.-<\/strong> En sesi\u00f3n del Congreso del Estado se aprob\u00f3 un dictamen con punto de acuerdo para exhortar a la Secretar\u00eda de Educaci\u00f3n P\u00fablica (SEP), que en coordinaci\u00f3n con la Secretar\u00eda de Medio Ambiente y Recursos Naturales (SEMARNAT) fortalezca la educaci\u00f3n ambiental integral y la conciencia ecol\u00f3gica en el sistema educativo nacional. El dictamen est\u00e1 fundamentado en un punto de acuerdo planteado por las y los diputados de los Grupos Parlamentarios y Fracci\u00f3n Parlamentaria \u201cAlianza Coahuila\u201d, mediante el cual mencionan que el fortalecimiento de la educaci\u00f3n ambiental no es solo una necesidad pedag\u00f3gica, sino un imperativo \u00e9tico y una responsabilidad hist\u00f3rica hacia las futuras generaciones. Asimismo, los desaf\u00edos ambientales del siglo XXI requieren una respuesta educativa integral y sistem\u00e1tica. El cambio clim\u00e1tico, la p\u00e9rdida de biodiversidad, la contaminaci\u00f3n del aire, agua y suelo, la deforestaci\u00f3n, y la gesti\u00f3n inadecuada de residuos, son problemas complejos que demandan ciudadanos formados desde temprana edad en principios de sustentabilidad y responsabilidad ambiental. \u201cConfiamos en que la SEP, en coordinaci\u00f3n con la SEMARNAT, asumir\u00e1 el liderazgo necesario para hacer de M\u00e9xico un referente internacional en educaci\u00f3n ambiental, contribuyendo as\u00ed al cumplimiento de los Objetivos de Desarrollo Sustentable de la Agenda 2030 y al bienestar de las generaciones presentes y futuras\u201d se\u00f1ala el dictamen. Puntualizaron que M\u00e9xico es un pa\u00eds que alberga aproximadamente el 12% de la biodiversidad mundial, por ello se tiene la responsabilidad hist\u00f3rica de educar a los ciudadanos en el respeto, cuidado y preservaci\u00f3n del patrimonio natural nacional. La educaci\u00f3n ambiental debe ser entendida como una herramienta transformadora que permita a los estudiantes desarrollar las competencias necesarias para ser agentes de cambio en sus comunidades y en el pa\u00eds.<\/p>\n","protected":false},"excerpt":{"rendered":"<p>Saltillo, Coahuila, 19 de julio de 2025.- En sesi\u00f3n del Congreso del Estado se aprob\u00f3 un dictamen con punto de acuerdo para exhortar a la Secretar\u00eda de Educaci\u00f3n P\u00fablica (SEP), que en coordinaci\u00f3n con la Secretar\u00eda de Medio Ambiente y Recursos Naturales (SEMARNAT) fortalezca la educaci\u00f3n ambiental integral y la conciencia ecol\u00f3gica en el sistema [&hellip;]<\/p>\n","protected":false},"author":1,"featured_media":22907,"comment_status":"open","ping_status":"open","sticky":false,"template":"","format":"standard","meta":{"_monsterinsights_skip_tracking":false,"_monsterinsights_sitenote_active":false,"_monsterinsights_sitenote_note":"","_monsterinsights_sitenote_category":0,"footnotes":""},"categories":[1],"tags":[],"_links":{"self":[{"href":"https:\/\/zonalimitrofe-cbnr.com\/index.php\/wp-json\/wp\/v2\/posts\/22906"}],"collection":[{"href":"https:\/\/zonalimitrofe-cbnr.com\/index.php\/wp-json\/wp\/v2\/posts"}],"about":[{"href":"https:\/\/zonalimitrofe-cbnr.com\/index.php\/wp-json\/wp\/v2\/types\/post"}],"author":[{"embeddable":true,"href":"https:\/\/zonalimitrofe-cbnr.com\/index.php\/wp-json\/wp\/v2\/users\/1"}],"replies":[{"embeddable":true,"href":"https:\/\/zonalimitrofe-cbnr.com\/index.php\/wp-json\/wp\/v2\/comments?post=22906"}],"version-history":[{"count":1,"href":"https:\/\/zonalimitrofe-cbnr.com\/index.php\/wp-json\/wp\/v2\/posts\/22906\/revisions"}],"predecessor-version":[{"id":22908,"href":"https:\/\/zonalimitrofe-cbnr.com\/index.php\/wp-json\/wp\/v2\/posts\/22906\/revisions\/22908"}],"wp:featuredmedia":[{"embeddable":true,"href":"https:\/\/zonalimitrofe-cbnr.com\/index.php\/wp-json\/wp\/v2\/media\/22907"}],"wp:attachment":[{"href":"https:\/\/zonalimitrofe-cbnr.com\/index.php\/wp-json\/wp\/v2\/media?parent=22906"}],"wp:term":[{"taxonomy":"category","embeddable":true,"href":"https:\/\/zonalimitrofe-cbnr.com\/index.php\/wp-json\/wp\/v2\/categories?post=22906"},{"taxonomy":"post_tag","embeddable":true,"href":"https:\/\/zonalimitrofe-cbnr.com\/index.php\/wp-json\/wp\/v2\/tags?post=22906"}],"curies":[{"name":"wp","href":"https:\/\/api.w.org\/{rel}","templated":true}]}}