{"id":22896,"date":"2025-07-18T18:19:29","date_gmt":"2025-07-19T00:19:29","guid":{"rendered":"https:\/\/zonalimitrofe-cbnr.com\/?p=22896"},"modified":"2025-07-18T18:19:30","modified_gmt":"2025-07-19T00:19:30","slug":"lerdo-es-sede-del-encuentro-regional-de-fortalecimiento-de-capacidades-de-institutos-de-la-mujer","status":"publish","type":"post","link":"https:\/\/zonalimitrofe-cbnr.com\/index.php\/2025\/07\/18\/lerdo-es-sede-del-encuentro-regional-de-fortalecimiento-de-capacidades-de-institutos-de-la-mujer\/","title":{"rendered":"#LERDO ES SEDE DEL ENCUENTRO REGIONAL DE FORTALECIMIENTO DE CAPACIDADES DE INSTITUTOS DE LA MUJER*"},"content":{"rendered":"\n<p>Lerdo, 18 de julio 2025.- El municipio de Lerdo fue sede del Encuentro Regional para la Atenci\u00f3n Integral de las Mujeres el d\u00eda de ayer (jueves), donde se cont\u00f3 con la participaci\u00f3n del Instituto de la Mujer de Lerdo y de otros municipios.<\/p>\n\n\n\n<p>Ah\u00ed, la Lic. Mar\u00eda del Refugio Adame G\u00fcereca, directora del IMM Lerdo, recibi\u00f3 un reconocimiento por haber concluido exitosamente el diplomado \u201cEn pol\u00edtica p\u00fablica y perspectiva de G\u00e9nero\u201d, y un reconocimiento por parte del gobierno del estado, por su gesti\u00f3n al frente del Instituto Municipal de la Mujer, demostrando compromiso liderazgo y sensibilidad en la promoci\u00f3n de los derechos de las mujeres y la igualdad sustantiva.<\/p>\n\n\n\n<p>El encuentro estuvo dirigido por el Instituto Estatal de la Mujer (IEM), con prop\u00f3sito de fortalecer la articulaci\u00f3n y coordinaci\u00f3n entre los dem\u00e1s institutos municipales y centros libres. Asimismo, se brind\u00f3 informaci\u00f3n clave sobre los programas estrat\u00e9gicos del IEM, en el marco del PAIBIM.<\/p>\n\n\n\n<p>A la reuni\u00f3n asistieron representantes de los Institutos de la Mujer de Mapim\u00ed, Tlahualilo, Cuencam\u00e9, Sim\u00f3n Bol\u00edvar, G\u00f3mez Palacio, Nazas, entre otros municipios.<\/p>\n","protected":false},"excerpt":{"rendered":"<p>Lerdo, 18 de julio 2025.- El municipio de Lerdo fue sede del Encuentro Regional para la Atenci\u00f3n Integral de las Mujeres el d\u00eda de ayer (jueves), donde se cont\u00f3 con la participaci\u00f3n del Instituto de la Mujer de Lerdo y de otros municipios. Ah\u00ed, la Lic. Mar\u00eda del Refugio Adame G\u00fcereca, directora del IMM Lerdo, [&hellip;]<\/p>\n","protected":false},"author":1,"featured_media":22897,"comment_status":"open","ping_status":"open","sticky":false,"template":"","format":"standard","meta":{"_monsterinsights_skip_tracking":false,"_monsterinsights_sitenote_active":false,"_monsterinsights_sitenote_note":"","_monsterinsights_sitenote_category":0,"footnotes":""},"categories":[1],"tags":[],"_links":{"self":[{"href":"https:\/\/zonalimitrofe-cbnr.com\/index.php\/wp-json\/wp\/v2\/posts\/22896"}],"collection":[{"href":"https:\/\/zonalimitrofe-cbnr.com\/index.php\/wp-json\/wp\/v2\/posts"}],"about":[{"href":"https:\/\/zonalimitrofe-cbnr.com\/index.php\/wp-json\/wp\/v2\/types\/post"}],"author":[{"embeddable":true,"href":"https:\/\/zonalimitrofe-cbnr.com\/index.php\/wp-json\/wp\/v2\/users\/1"}],"replies":[{"embeddable":true,"href":"https:\/\/zonalimitrofe-cbnr.com\/index.php\/wp-json\/wp\/v2\/comments?post=22896"}],"version-history":[{"count":1,"href":"https:\/\/zonalimitrofe-cbnr.com\/index.php\/wp-json\/wp\/v2\/posts\/22896\/revisions"}],"predecessor-version":[{"id":22898,"href":"https:\/\/zonalimitrofe-cbnr.com\/index.php\/wp-json\/wp\/v2\/posts\/22896\/revisions\/22898"}],"wp:featuredmedia":[{"embeddable":true,"href":"https:\/\/zonalimitrofe-cbnr.com\/index.php\/wp-json\/wp\/v2\/media\/22897"}],"wp:attachment":[{"href":"https:\/\/zonalimitrofe-cbnr.com\/index.php\/wp-json\/wp\/v2\/media?parent=22896"}],"wp:term":[{"taxonomy":"category","embeddable":true,"href":"https:\/\/zonalimitrofe-cbnr.com\/index.php\/wp-json\/wp\/v2\/categories?post=22896"},{"taxonomy":"post_tag","embeddable":true,"href":"https:\/\/zonalimitrofe-cbnr.com\/index.php\/wp-json\/wp\/v2\/tags?post=22896"}],"curies":[{"name":"wp","href":"https:\/\/api.w.org\/{rel}","templated":true}]}}