{"id":22884,"date":"2025-07-18T18:09:37","date_gmt":"2025-07-19T00:09:37","guid":{"rendered":"https:\/\/zonalimitrofe-cbnr.com\/?p=22884"},"modified":"2025-07-18T18:09:38","modified_gmt":"2025-07-19T00:09:38","slug":"lerdo-creara-imd-escuelita-de-verano-municipal-de-futbol-infantil-en-lerdo","status":"publish","type":"post","link":"https:\/\/zonalimitrofe-cbnr.com\/index.php\/2025\/07\/18\/lerdo-creara-imd-escuelita-de-verano-municipal-de-futbol-infantil-en-lerdo\/","title":{"rendered":"#Lerdo. CREAR\u00c1 IMD ESCUELITA DE VERANO MUNICIPAL DE F\u00daTBOL INFANTIL EN LERDO*"},"content":{"rendered":"\n<p>Lerdo, 18 de julio de 2025.- Por instrucciones del Presidente Municipal, Homero Mart\u00ednez Cabrera, el Instituto Municipal del Deporte (IMD) en Lerdo anunci\u00f3 la creaci\u00f3n de la Escuelita Municipal de F\u00fatbol Infantil, dirigida a ni\u00f1as y ni\u00f1os de entre 6 y 12 a\u00f1os de edad, tanto en la rama varonil como femenil, durante la presente temporada vacacional.<\/p>\n\n\n\n<p>Bajo el nombre \u201cDel aprendizaje a la competencia\u201d, el curso se desarrollar\u00e1 en la velaria de la deportiva Francisco Sarabia, del 21 de julio al 15 de agosto. Los horarios ser\u00e1n de 10:00 a 11:30 horas para ni\u00f1as y ni\u00f1os de 6 a 9 a\u00f1os, y de 11:30 a 13:30 horas para quienes tengan entre 10 y 12 a\u00f1os.<\/p>\n\n\n\n<p>El objetivo de este curso es fomentar el deporte entre la ni\u00f1ez durante el periodo vacacional, promoviendo una cultura de activaci\u00f3n f\u00edsica y formaci\u00f3n deportiva desde temprana edad.<\/p>\n\n\n\n<p>Las y los interesados deber\u00e1n presentar certificado m\u00e9dico, copia del CURP y comprobante de domicilio para formalizar su inscripci\u00f3n. Para mayores informes, pueden comunicarse al tel\u00e9fono 87 13 99 88 56.<\/p>\n\n\n\n<p>La escuelita contar\u00e1 con la instrucci\u00f3n de los entrenadores Pedro Mu\u00f1oz, Jos\u00e9 Luis \u201cPuma\u201d Rodr\u00edguez y Guillermo \u201cChoque\u201d Galindo, reconocidos exfutbolistas profesionales, quienes compartir\u00e1n su experiencia y conocimientos con las y los participantes.<\/p>\n","protected":false},"excerpt":{"rendered":"<p>Lerdo, 18 de julio de 2025.- Por instrucciones del Presidente Municipal, Homero Mart\u00ednez Cabrera, el Instituto Municipal del Deporte (IMD) en Lerdo anunci\u00f3 la creaci\u00f3n de la Escuelita Municipal de F\u00fatbol Infantil, dirigida a ni\u00f1as y ni\u00f1os de entre 6 y 12 a\u00f1os de edad, tanto en la rama varonil como femenil, durante la presente [&hellip;]<\/p>\n","protected":false},"author":1,"featured_media":22885,"comment_status":"open","ping_status":"open","sticky":false,"template":"","format":"standard","meta":{"_monsterinsights_skip_tracking":false,"_monsterinsights_sitenote_active":false,"_monsterinsights_sitenote_note":"","_monsterinsights_sitenote_category":0,"footnotes":""},"categories":[1],"tags":[],"_links":{"self":[{"href":"https:\/\/zonalimitrofe-cbnr.com\/index.php\/wp-json\/wp\/v2\/posts\/22884"}],"collection":[{"href":"https:\/\/zonalimitrofe-cbnr.com\/index.php\/wp-json\/wp\/v2\/posts"}],"about":[{"href":"https:\/\/zonalimitrofe-cbnr.com\/index.php\/wp-json\/wp\/v2\/types\/post"}],"author":[{"embeddable":true,"href":"https:\/\/zonalimitrofe-cbnr.com\/index.php\/wp-json\/wp\/v2\/users\/1"}],"replies":[{"embeddable":true,"href":"https:\/\/zonalimitrofe-cbnr.com\/index.php\/wp-json\/wp\/v2\/comments?post=22884"}],"version-history":[{"count":1,"href":"https:\/\/zonalimitrofe-cbnr.com\/index.php\/wp-json\/wp\/v2\/posts\/22884\/revisions"}],"predecessor-version":[{"id":22886,"href":"https:\/\/zonalimitrofe-cbnr.com\/index.php\/wp-json\/wp\/v2\/posts\/22884\/revisions\/22886"}],"wp:featuredmedia":[{"embeddable":true,"href":"https:\/\/zonalimitrofe-cbnr.com\/index.php\/wp-json\/wp\/v2\/media\/22885"}],"wp:attachment":[{"href":"https:\/\/zonalimitrofe-cbnr.com\/index.php\/wp-json\/wp\/v2\/media?parent=22884"}],"wp:term":[{"taxonomy":"category","embeddable":true,"href":"https:\/\/zonalimitrofe-cbnr.com\/index.php\/wp-json\/wp\/v2\/categories?post=22884"},{"taxonomy":"post_tag","embeddable":true,"href":"https:\/\/zonalimitrofe-cbnr.com\/index.php\/wp-json\/wp\/v2\/tags?post=22884"}],"curies":[{"name":"wp","href":"https:\/\/api.w.org\/{rel}","templated":true}]}}