{"id":22881,"date":"2025-07-18T18:05:43","date_gmt":"2025-07-19T00:05:43","guid":{"rendered":"https:\/\/zonalimitrofe-cbnr.com\/?p=22881"},"modified":"2025-07-18T18:05:43","modified_gmt":"2025-07-19T00:05:43","slug":"durango-gobierno-de-esteban-realiza-encuentro-regional-de-directoras-de-los-institutos-de-la-mujer-en-la-laguna","status":"publish","type":"post","link":"https:\/\/zonalimitrofe-cbnr.com\/index.php\/2025\/07\/18\/durango-gobierno-de-esteban-realiza-encuentro-regional-de-directoras-de-los-institutos-de-la-mujer-en-la-laguna\/","title":{"rendered":"#Durango. Gobierno de Esteban realiza Encuentro Regional de directoras de los Institutos de la Mujer en La Laguna"},"content":{"rendered":"\n<ul>\n<li>En 2025 arrancan Centros LIBRE, para ofrecer un mejor acompa\u00f1amiento<\/li>\n\n\n\n<li>La l\u00ednea telef\u00f3nica 079, es una herramienta aliada de las mujeres: IEM<\/li>\n<\/ul>\n\n\n\n<p>Comarca Lagunera., Con el prop\u00f3sito de fortalecer las alianzas, la coordinaci\u00f3n y la comunicaci\u00f3n con los municipios, se llev\u00f3 a cabo en Ciudad Lerdo, el \u00faltimo de los Encuentros Regionales que emprendi\u00f3 el gobierno de Esteban Villegas Villarreal, a trav\u00e9s del Instituto Estatal de las Mujeres (IEM), en la b\u00fasqueda de mejorar los servicios y el acompa\u00f1amiento que se brinda a todas las mujeres duranguenses.<\/p>\n\n\n\n<p>As\u00ed lo manifest\u00f3 Alejandra Terrones Ochoa, directora General del IEM en la entidad, al precisar que han sido encuentros de mucha conexi\u00f3n, de compartir experiencias con las directoras de los Institutos Municipales de la Mujer (IMM), gracias al respaldo que siempre ha brindado a estos temas el gobernador, Esteban Villegas Villarreal, quien \u201cha realizado acciones contundentes, firmen, humanas a favor de todas las mujeres y hoy cerramos con muy buenos resultados esta serie de actividades\u201d, puntualiz\u00f3.<\/p>\n\n\n\n<p>Alejandra Terrones Ochoa reconoci\u00f3 la entrega y el compromiso que, por tres a\u00f1os, han demostrado las directoras del los IMM, con quienes comparte esta causa para marcar una diferencia en los diversos municipios.<\/p>\n\n\n\n<p>Al encuentro se dieron cita las responsables en los municipios laguneros de: G\u00f3mez Palacio, Lerdo, Tlahualilo, San Pedro del Gallo, Cuencam\u00e9, San Juan de Guadalupe, San Luis del Cordero, Santa Clara y Pe\u00f1\u00f3n Blanco; quienes intercambiaron informaci\u00f3n con el equipo que acompa\u00f1a a la directora General del IEM.<\/p>\n\n\n\n<p>Por otra parte, se inform\u00f3 que los puntos violeta, espacios seguros que se ofrecen a la poblaci\u00f3n, han sufrido una transformaci\u00f3n para convertirse en Centros LIBRE, de tal suerte que, con el apoyo de Esteban Villegas y de la Federaci\u00f3n, hoy se tienen 24 Centros Libres en el territorio duranguense -12 corresponden a La Laguna-, donde se necesitan y se ofrecen servicios profesionales jur\u00eddicos, psicol\u00f3gicos, Trabajo Social, Empoderamiento Econ\u00f3mico y Difusi\u00f3n de los Derechos de las Mujeres, para crear redes comunitarias.<\/p>\n\n\n\n<p>\u201cSi las mujeres est\u00e1n atravesando o vivieron una situaci\u00f3n de violencia, las invitamos a acercarse a los Centros Libres donde damos servicios integrales<\/p>\n\n\n\n<p>gratuitos, confidenciales y que sepan que desde que identifiquen un signo de alarma pueden levantar la voz y acudir para solicitar apoyo\u201d coment\u00f3.<\/p>\n\n\n\n<p>Alejandra Terrones Ochoa a\u00f1adi\u00f3 que se tienen grandes avances, estamos siempre en sinton\u00eda con Fiscal\u00eda, con Seguridad P\u00fablica, siempre de la mano trabajando para brindar todas las herramientas. \u201cTenemos tambi\u00e9n la l\u00ednea 079 que operamos en coordinaci\u00f3n Seguridad P\u00fablica las 24 horas de los siete d\u00edas de la semana. \u201cCuando hay una situaci\u00f3n de riesgo o llega una llamada, se canaliza inmediatamente, hacemos la vinculaci\u00f3n al Grupo Esmeralda, al 911, C-5 en Durango o C-4 en La laguna. Cuando se requiere un proceso o atenci\u00f3n jur\u00eddica, psicol\u00f3gica, de trabajo social o de contenci\u00f3n, se canaliza a los Centro Libre\u201d dijo.<\/p>\n","protected":false},"excerpt":{"rendered":"<p>Comarca Lagunera., Con el prop\u00f3sito de fortalecer las alianzas, la coordinaci\u00f3n y la comunicaci\u00f3n con los municipios, se llev\u00f3 a cabo en Ciudad Lerdo, el \u00faltimo de los Encuentros Regionales que emprendi\u00f3 el gobierno de Esteban Villegas Villarreal, a trav\u00e9s del Instituto Estatal de las Mujeres (IEM), en la b\u00fasqueda de mejorar los servicios y [&hellip;]<\/p>\n","protected":false},"author":1,"featured_media":22882,"comment_status":"open","ping_status":"open","sticky":false,"template":"","format":"standard","meta":{"_monsterinsights_skip_tracking":false,"_monsterinsights_sitenote_active":false,"_monsterinsights_sitenote_note":"","_monsterinsights_sitenote_category":0,"footnotes":""},"categories":[1],"tags":[],"_links":{"self":[{"href":"https:\/\/zonalimitrofe-cbnr.com\/index.php\/wp-json\/wp\/v2\/posts\/22881"}],"collection":[{"href":"https:\/\/zonalimitrofe-cbnr.com\/index.php\/wp-json\/wp\/v2\/posts"}],"about":[{"href":"https:\/\/zonalimitrofe-cbnr.com\/index.php\/wp-json\/wp\/v2\/types\/post"}],"author":[{"embeddable":true,"href":"https:\/\/zonalimitrofe-cbnr.com\/index.php\/wp-json\/wp\/v2\/users\/1"}],"replies":[{"embeddable":true,"href":"https:\/\/zonalimitrofe-cbnr.com\/index.php\/wp-json\/wp\/v2\/comments?post=22881"}],"version-history":[{"count":1,"href":"https:\/\/zonalimitrofe-cbnr.com\/index.php\/wp-json\/wp\/v2\/posts\/22881\/revisions"}],"predecessor-version":[{"id":22883,"href":"https:\/\/zonalimitrofe-cbnr.com\/index.php\/wp-json\/wp\/v2\/posts\/22881\/revisions\/22883"}],"wp:featuredmedia":[{"embeddable":true,"href":"https:\/\/zonalimitrofe-cbnr.com\/index.php\/wp-json\/wp\/v2\/media\/22882"}],"wp:attachment":[{"href":"https:\/\/zonalimitrofe-cbnr.com\/index.php\/wp-json\/wp\/v2\/media?parent=22881"}],"wp:term":[{"taxonomy":"category","embeddable":true,"href":"https:\/\/zonalimitrofe-cbnr.com\/index.php\/wp-json\/wp\/v2\/categories?post=22881"},{"taxonomy":"post_tag","embeddable":true,"href":"https:\/\/zonalimitrofe-cbnr.com\/index.php\/wp-json\/wp\/v2\/tags?post=22881"}],"curies":[{"name":"wp","href":"https:\/\/api.w.org\/{rel}","templated":true}]}}