{"id":22863,"date":"2025-07-17T17:19:56","date_gmt":"2025-07-17T23:19:56","guid":{"rendered":"https:\/\/zonalimitrofe-cbnr.com\/?p=22863"},"modified":"2025-07-17T17:19:56","modified_gmt":"2025-07-17T23:19:56","slug":"torreon-instalan-consejo-municipal-para-la-garantia-de-los-derechos-humanos-de-ninos-ninas-y-adolescentes-de-torreon","status":"publish","type":"post","link":"https:\/\/zonalimitrofe-cbnr.com\/index.php\/2025\/07\/17\/torreon-instalan-consejo-municipal-para-la-garantia-de-los-derechos-humanos-de-ninos-ninas-y-adolescentes-de-torreon\/","title":{"rendered":"#Torre\u00f3n. Instalan Consejo Municipal para la garant\u00eda de los derechos humanos de ni\u00f1os, ni\u00f1as y adolescentes de Torre\u00f3n"},"content":{"rendered":"\n<p>Torre\u00f3n, Coahuila. A 17 de julio de 2025<\/p>\n\n\n\n<p>Este jueves, qued\u00f3 instalado el Consejo Municipal para la garant\u00eda de los derechos humanos de ni\u00f1os, ni\u00f1as y adolescentes del municipio de Torre\u00f3n, en el que participan diferentes funcionarios y representantes de la sociedad civil.<\/p>\n\n\n\n<p>Como presidente del Consejo, el alcalde Rom\u00e1n Alberto Cepeda Gonz\u00e1lez tom\u00f3 protesta a los dem\u00e1s integrantes.<\/p>\n\n\n\n<p>Previamente, en su mensaje, el edil agradeci\u00f3 a los funcionarios estatales municipales y a los organismos que participan en el Consejo, porque con su labor fortalecen el bienestar no solamente de m\u00e1s de 200 mil ni\u00f1os, si no de Coahuila.<\/p>\n\n\n\n<p>Destac\u00f3 la buena participaci\u00f3n ciudadana que existe en Torre\u00f3n, que lo colocan como el municipio con mayor n\u00famero de organizaciones no gubernamentales en todo el pa\u00eds, lo cual dijo, habla de lo cualitativo y de la calidad de gente que habita en el municipio.<\/p>\n\n\n\n<p>&#8220;Hoy como gobierno, nos toca tomar decisiones y eso implica tambi\u00e9n la obligatoriedad de generar las condiciones para las generaciones futuras. Es importante crear las condiciones para que los ni\u00f1os, ni\u00f1as y adolescentes vivan su presente y desde hoy puedan construir un futuro\u201d.<\/p>\n\n\n\n<p>El Presidente Municipal resalt\u00f3 que nadie es m\u00e1s fuerte que todos juntos, por lo que las decisiones de un Consejo permitir\u00e1n tomar buen rumbo, en favor de los m\u00e1s de 217 mil j\u00f3venes menores de 17 a\u00f1os que habitan en Torre\u00f3n.<\/p>\n\n\n\n<p>&#8220;Tengan la certeza que siempre tomaremos las mejores decisiones para generar las condiciones \u00f3ptimas y que desde este foro, podamos construir un buen presente y futuro para Torre\u00f3n&#8221;.<\/p>\n\n\n\n<p>Por su parte, Selina Bremer de Cepeda, presidenta Honoraria del DIF Torre\u00f3n, se\u00f1al\u00f3 que en Administraci\u00f3n del Alcalde siempre ha sido una prioridad el trabajar y defender a los ni\u00f1os, como ha sido con diferentes acciones como el ser miembros de las Ciudades Unidas de la Ni\u00f1ez, o con la inauguraci\u00f3n de Casa Nana que atiende a los ni\u00f1os vulnerados.<\/p>\n\n\n\n<p>Puntualiz\u00f3 que el DIF Torre\u00f3n y la Administraci\u00f3n trabajan de la mano con organismos de la sociedad civil, y reiter\u00f3 su compromiso de seguir en coordinaci\u00f3n con el gobernador Manolo Jim\u00e9nez y con la se\u00f1ora Liliana Salinas.<\/p>\n\n\n\n<p>La titular de la Unidad de Evaluaci\u00f3n y seguimiento del Consejo para la Garant\u00eda de los Derechos Humanos de Ni\u00f1os, Ni\u00f1as y Adolescentes en Coahuila, Mar\u00eda Teresa Araiza Llaguno, dio el marco general del Sistema de Protecci\u00f3n Integral de Ni\u00f1os, Ni\u00f1as y Adolescentes (SIPINNA).<\/p>\n\n\n\n<p>Explic\u00f3 que el SIPINNA tiene como objetivo generar pol\u00edticas p\u00fablicas que garanticen el bienestar y la seguridad de la ni\u00f1ez, mediante un trabajo coordinado entre instituciones.<\/p>\n\n\n\n<p>\u201cSe necesita un sistema de protecci\u00f3n para los ni\u00f1os y ni\u00f1as, y esto que estamos haciendo es un paso formal en ese sentido\u201d.<\/p>\n\n\n\n<p>El Consejo qued\u00f3 integrado por:<\/p>\n\n\n\n<p>Rom\u00e1n Alberto Cepeda Gonz\u00e1lez, alcalde de Torre\u00f3n y presidente el Consejo; Selina Bremer de Cepeda, presidenta Honoraria del DIF Torre\u00f3n; Maria Teresa Araiza Llaguno, Procuradora para ni\u00f1os, ni\u00f1as y la familia del Estado de Coahuila; Karla Liliana Centeno F\u00e9lix, presidenta de la Comisi\u00f3n de DIF Torre\u00f3n; Mayra L\u00f3pez Guajardo, Directora de SIPINNA Coahuila; Jos\u00e9 El\u00edas Ganem Guerrero, Secretario del Ayuntamiento de Torre\u00f3n; Oscar Gerardo Luj\u00e1n Fern\u00e1ndez, Tesorero Municipal; comisario Alfredo Flores Originales, Director General de Seguridad P\u00fablica Municipal de Torre\u00f3n; Lorena Safa Serrato, Coordinadora DIF Coahuila Regi\u00f3n Laguna; Eleazar Jovanny G\u00f3mez Rivas, Procurador para ni\u00f1os, ni\u00f1as y la Familia del Municipio de Torre\u00f3n; Martha Esther Rodr\u00edguez Romero, directora del Centro de Justicia Municipal; Flor Estela Renter\u00eda Medina, Coordinadora de Servicios Educativos Regi\u00f3n Laguna; Jos\u00e9 Manuel Riveroll Duarte, director de Salud Municipal; Amira Lucia Darwich Garc\u00eda, Directora General del Instituto Municipal de la Mujer; Antonio Edmundo M\u00e9ndez Vigat\u00e1, Director del Instituto Municipal de Cultura y Educaci\u00f3n; El\u00edas Ram\u00f3n Chufani V\u00e1zquez, Director del Instituto Municipal del Deporte; Blanca \u00c1lvarez Garza, Directora de la Unidad de Prevenci\u00f3n Social de la Violencia; Joaly Jaqueline L\u00f3pez Garc\u00eda, titular de la Unidad Municipal Derechos Humanos; Mar\u00eda Gloria de la Rosa Castelo, Directora de Casa de Beneficencia de Torre\u00f3n A.C.; Beatriz Villarreal de Meza, representante Legal de Centro Educativo de la Ni\u00f1ez Torreonense; Ana Cristina Ch\u00e1vez Briones, en representaci\u00f3n de Rosaura de Bel\u00e9m Estrella Rivera, Representante Legal de Casa Hogar Abr\u00e1zame A.C.; Estrella Zamira Cardona Belmares, subprocuradora para Ni\u00f1os Ni\u00f1as y la Familia Regi\u00f3n Laguna; Mar\u00eda del Refugio Mendoza Guerrero, en representaci\u00f3n de Cecilia Marroqu\u00edn Lav\u00edn, representante Legal de Grupo Encendamos una Luz. Marlene Mart\u00ednez Vald\u00e9s, Directora General de DIF Torre\u00f3n y Secretaria T\u00e9cnica Consejo SIPINNA.<\/p>\n","protected":false},"excerpt":{"rendered":"<p>Torre\u00f3n, Coahuila. A 17 de julio de 2025 Este jueves, qued\u00f3 instalado el Consejo Municipal para la garant\u00eda de los derechos humanos de ni\u00f1os, ni\u00f1as y adolescentes del municipio de Torre\u00f3n, en el que participan diferentes funcionarios y representantes de la sociedad civil. Como presidente del Consejo, el alcalde Rom\u00e1n Alberto Cepeda Gonz\u00e1lez tom\u00f3 protesta [&hellip;]<\/p>\n","protected":false},"author":1,"featured_media":22864,"comment_status":"open","ping_status":"open","sticky":false,"template":"","format":"standard","meta":{"_monsterinsights_skip_tracking":false,"_monsterinsights_sitenote_active":false,"_monsterinsights_sitenote_note":"","_monsterinsights_sitenote_category":0,"footnotes":""},"categories":[1],"tags":[],"_links":{"self":[{"href":"https:\/\/zonalimitrofe-cbnr.com\/index.php\/wp-json\/wp\/v2\/posts\/22863"}],"collection":[{"href":"https:\/\/zonalimitrofe-cbnr.com\/index.php\/wp-json\/wp\/v2\/posts"}],"about":[{"href":"https:\/\/zonalimitrofe-cbnr.com\/index.php\/wp-json\/wp\/v2\/types\/post"}],"author":[{"embeddable":true,"href":"https:\/\/zonalimitrofe-cbnr.com\/index.php\/wp-json\/wp\/v2\/users\/1"}],"replies":[{"embeddable":true,"href":"https:\/\/zonalimitrofe-cbnr.com\/index.php\/wp-json\/wp\/v2\/comments?post=22863"}],"version-history":[{"count":1,"href":"https:\/\/zonalimitrofe-cbnr.com\/index.php\/wp-json\/wp\/v2\/posts\/22863\/revisions"}],"predecessor-version":[{"id":22865,"href":"https:\/\/zonalimitrofe-cbnr.com\/index.php\/wp-json\/wp\/v2\/posts\/22863\/revisions\/22865"}],"wp:featuredmedia":[{"embeddable":true,"href":"https:\/\/zonalimitrofe-cbnr.com\/index.php\/wp-json\/wp\/v2\/media\/22864"}],"wp:attachment":[{"href":"https:\/\/zonalimitrofe-cbnr.com\/index.php\/wp-json\/wp\/v2\/media?parent=22863"}],"wp:term":[{"taxonomy":"category","embeddable":true,"href":"https:\/\/zonalimitrofe-cbnr.com\/index.php\/wp-json\/wp\/v2\/categories?post=22863"},{"taxonomy":"post_tag","embeddable":true,"href":"https:\/\/zonalimitrofe-cbnr.com\/index.php\/wp-json\/wp\/v2\/tags?post=22863"}],"curies":[{"name":"wp","href":"https:\/\/api.w.org\/{rel}","templated":true}]}}