{"id":22857,"date":"2025-07-17T17:15:46","date_gmt":"2025-07-17T23:15:46","guid":{"rendered":"https:\/\/zonalimitrofe-cbnr.com\/?p=22857"},"modified":"2025-07-17T17:15:46","modified_gmt":"2025-07-17T23:15:46","slug":"lerdo-capacitan-a-personal-de-vialidad-en-derechos-humanos-de-personas-con-discapacidad","status":"publish","type":"post","link":"https:\/\/zonalimitrofe-cbnr.com\/index.php\/2025\/07\/17\/lerdo-capacitan-a-personal-de-vialidad-en-derechos-humanos-de-personas-con-discapacidad\/","title":{"rendered":"#Lerdo. CAPACITAN A PERSONAL DE VIALIDAD EN DERECHOS HUMANOS DE PERSONAS CON DISCAPACIDAD*"},"content":{"rendered":"\n<p>Lerdo, 17 de julio de 2025.- Este jueves, la Direcci\u00f3n de Tr\u00e1nsito y Vialidad del municipio de Lerdo recibi\u00f3 una capacitaci\u00f3n especializada sobre los Derechos Humanos de las Personas con Discapacidad, impartida por personal de la Comisi\u00f3n Estatal de Derechos Humanos (CEDH).<\/p>\n\n\n\n<p>La actividad tuvo como objetivo fortalecer la atenci\u00f3n que brinda el personal vial a toda la ciudadan\u00eda, particularmente a personas con discapacidad, promoviendo el respeto, la empat\u00eda y la inclusi\u00f3n en el servicio p\u00fablico.<\/p>\n\n\n\n<p>Francisco de Hoyos Mart\u00ednez, director de Tr\u00e1nsito y Vialidad, destac\u00f3 que esta capacitaci\u00f3n es de gran valor para el desempe\u00f1o de cada uno de los elementos, en cumplimiento a la instrucci\u00f3n del Presidente Municipal, Homero Mart\u00ednez Cabrera, de brindar una atenci\u00f3n m\u00e1s humana y profesional.<\/p>\n\n\n\n<p>La ponencia estuvo a cargo de la Lic. Sara de los Santos, de la CEDH, quien abord\u00f3 temas fundamentales, como: qu\u00e9 son los derechos humanos, c\u00f3mo se aplican en el d\u00eda a d\u00eda, y la importancia de que los elementos de vialidad est\u00e9n capacitados para brindar un trato digno y adecuado a todas las personas, sin importar su condici\u00f3n.<\/p>\n\n\n\n<p>La capacitaci\u00f3n se llev\u00f3 a cabo en la sala de usos m\u00faltiples de la Direcci\u00f3n de Tr\u00e1nsito y Vialidad.<\/p>\n","protected":false},"excerpt":{"rendered":"<p>Lerdo, 17 de julio de 2025.- Este jueves, la Direcci\u00f3n de Tr\u00e1nsito y Vialidad del municipio de Lerdo recibi\u00f3 una capacitaci\u00f3n especializada sobre los Derechos Humanos de las Personas con Discapacidad, impartida por personal de la Comisi\u00f3n Estatal de Derechos Humanos (CEDH). La actividad tuvo como objetivo fortalecer la atenci\u00f3n que brinda el personal vial [&hellip;]<\/p>\n","protected":false},"author":1,"featured_media":22858,"comment_status":"open","ping_status":"open","sticky":false,"template":"","format":"standard","meta":{"_monsterinsights_skip_tracking":false,"_monsterinsights_sitenote_active":false,"_monsterinsights_sitenote_note":"","_monsterinsights_sitenote_category":0,"footnotes":""},"categories":[1],"tags":[],"_links":{"self":[{"href":"https:\/\/zonalimitrofe-cbnr.com\/index.php\/wp-json\/wp\/v2\/posts\/22857"}],"collection":[{"href":"https:\/\/zonalimitrofe-cbnr.com\/index.php\/wp-json\/wp\/v2\/posts"}],"about":[{"href":"https:\/\/zonalimitrofe-cbnr.com\/index.php\/wp-json\/wp\/v2\/types\/post"}],"author":[{"embeddable":true,"href":"https:\/\/zonalimitrofe-cbnr.com\/index.php\/wp-json\/wp\/v2\/users\/1"}],"replies":[{"embeddable":true,"href":"https:\/\/zonalimitrofe-cbnr.com\/index.php\/wp-json\/wp\/v2\/comments?post=22857"}],"version-history":[{"count":1,"href":"https:\/\/zonalimitrofe-cbnr.com\/index.php\/wp-json\/wp\/v2\/posts\/22857\/revisions"}],"predecessor-version":[{"id":22859,"href":"https:\/\/zonalimitrofe-cbnr.com\/index.php\/wp-json\/wp\/v2\/posts\/22857\/revisions\/22859"}],"wp:featuredmedia":[{"embeddable":true,"href":"https:\/\/zonalimitrofe-cbnr.com\/index.php\/wp-json\/wp\/v2\/media\/22858"}],"wp:attachment":[{"href":"https:\/\/zonalimitrofe-cbnr.com\/index.php\/wp-json\/wp\/v2\/media?parent=22857"}],"wp:term":[{"taxonomy":"category","embeddable":true,"href":"https:\/\/zonalimitrofe-cbnr.com\/index.php\/wp-json\/wp\/v2\/categories?post=22857"},{"taxonomy":"post_tag","embeddable":true,"href":"https:\/\/zonalimitrofe-cbnr.com\/index.php\/wp-json\/wp\/v2\/tags?post=22857"}],"curies":[{"name":"wp","href":"https:\/\/api.w.org\/{rel}","templated":true}]}}