{"id":22854,"date":"2025-07-17T17:13:29","date_gmt":"2025-07-17T23:13:29","guid":{"rendered":"https:\/\/zonalimitrofe-cbnr.com\/?p=22854"},"modified":"2025-07-17T17:13:29","modified_gmt":"2025-07-17T23:13:29","slug":"durango-gobierno-de-estado-arranca-el-operativo-vacaciones-seguras-2025-en-la-region-laguna","status":"publish","type":"post","link":"https:\/\/zonalimitrofe-cbnr.com\/index.php\/2025\/07\/17\/durango-gobierno-de-estado-arranca-el-operativo-vacaciones-seguras-2025-en-la-region-laguna\/","title":{"rendered":"#Durango. Gobierno de Estado arranca el Operativo Vacaciones Seguras 2025 en la Regi\u00f3n Laguna*"},"content":{"rendered":"\n<ul>\n<li>M\u00e1s de 700 elementos resguardar\u00e1n la seguridad en la Regi\u00f3n Laguna durante el Operativo Vacaciones Seguras 2025<\/li>\n\n\n\n<li>Reforzar\u00e1n vigilancia en puntos tur\u00edsticos y carreteras para un periodo vacacional sin incidentes<\/li>\n<\/ul>\n\n\n\n<p>Comarca Lagunera.- Con el firme prop\u00f3sito de salvaguardar a las familias duranguenses y a quienes visitan el estado durante esta temporada vacacional, el Gobierno de Durango, encabezado por Esteban Villegas Villarreal, puso en marcha el Operativo Vacaciones Seguras 2025 en la regi\u00f3n Laguna.<\/p>\n\n\n\n<p>El vicefiscal de la Regi\u00f3n Laguna, Juan Francisco \u00c1ngeles Zapata, inform\u00f3 que, el operativo se implementa de manera simult\u00e1nea en la entidad, con la participaci\u00f3n de m\u00e1s de 700 elementos pertenecientes a la Secretar\u00eda de la Defensa Nacional, Guardia Nacional, Polic\u00eda Investigadora de Delitos, Polic\u00eda Estatal, as\u00ed como corporaciones municipales. Para reforzar las labores, se desplegar\u00e1n m\u00e1s de 100 veh\u00edculos en puntos estrat\u00e9gicos.<\/p>\n\n\n\n<p>La vigilancia se concentrar\u00e1 en zonas de mayor afluencia tur\u00edstica y vial, con el objetivo de brindar atenci\u00f3n oportuna y presencia policial cercana ante cualquier eventualidad. Se record\u00f3 a la ciudadan\u00eda que el n\u00famero de emergencias 911 est\u00e1 disponible como canal inmediato de apoyo, herramienta que ha evidenciado su efectividad en materia de seguridad.<\/p>\n\n\n\n<p>\u00c1ngeles Zapata destac\u00f3 que el operativo del a\u00f1o anterior concluy\u00f3 con saldo blanco, y confi\u00f3 en repetir ese resultado en este a\u00f1o. Asimismo, se\u00f1al\u00f3 que Protecci\u00f3n Civil tendr\u00e1 presencia activa en sitios tur\u00edsticos, presas y balnearios, donde instalar\u00e1 campamentos preventivos para advertir posibles riesgos a la poblaci\u00f3n.<\/p>\n\n\n\n<p>Finalmente el vicefiscal hizo un llamado a las familias a mantener una actitud responsable durante sus actividades recreativas, y exhort\u00f3 a los automovilistas a revisar las condiciones mec\u00e1nicas de sus veh\u00edculos, conducir con precauci\u00f3n y evitar horarios que puedan representar un riesgo.<\/p>\n","protected":false},"excerpt":{"rendered":"<p>Comarca Lagunera.- Con el firme prop\u00f3sito de salvaguardar a las familias duranguenses y a quienes visitan el estado durante esta temporada vacacional, el Gobierno de Durango, encabezado por Esteban Villegas Villarreal, puso en marcha el Operativo Vacaciones Seguras 2025 en la regi\u00f3n Laguna. El vicefiscal de la Regi\u00f3n Laguna, Juan Francisco \u00c1ngeles Zapata, inform\u00f3 que, [&hellip;]<\/p>\n","protected":false},"author":1,"featured_media":22855,"comment_status":"open","ping_status":"open","sticky":false,"template":"","format":"standard","meta":{"_monsterinsights_skip_tracking":false,"_monsterinsights_sitenote_active":false,"_monsterinsights_sitenote_note":"","_monsterinsights_sitenote_category":0,"footnotes":""},"categories":[1],"tags":[],"_links":{"self":[{"href":"https:\/\/zonalimitrofe-cbnr.com\/index.php\/wp-json\/wp\/v2\/posts\/22854"}],"collection":[{"href":"https:\/\/zonalimitrofe-cbnr.com\/index.php\/wp-json\/wp\/v2\/posts"}],"about":[{"href":"https:\/\/zonalimitrofe-cbnr.com\/index.php\/wp-json\/wp\/v2\/types\/post"}],"author":[{"embeddable":true,"href":"https:\/\/zonalimitrofe-cbnr.com\/index.php\/wp-json\/wp\/v2\/users\/1"}],"replies":[{"embeddable":true,"href":"https:\/\/zonalimitrofe-cbnr.com\/index.php\/wp-json\/wp\/v2\/comments?post=22854"}],"version-history":[{"count":1,"href":"https:\/\/zonalimitrofe-cbnr.com\/index.php\/wp-json\/wp\/v2\/posts\/22854\/revisions"}],"predecessor-version":[{"id":22856,"href":"https:\/\/zonalimitrofe-cbnr.com\/index.php\/wp-json\/wp\/v2\/posts\/22854\/revisions\/22856"}],"wp:featuredmedia":[{"embeddable":true,"href":"https:\/\/zonalimitrofe-cbnr.com\/index.php\/wp-json\/wp\/v2\/media\/22855"}],"wp:attachment":[{"href":"https:\/\/zonalimitrofe-cbnr.com\/index.php\/wp-json\/wp\/v2\/media?parent=22854"}],"wp:term":[{"taxonomy":"category","embeddable":true,"href":"https:\/\/zonalimitrofe-cbnr.com\/index.php\/wp-json\/wp\/v2\/categories?post=22854"},{"taxonomy":"post_tag","embeddable":true,"href":"https:\/\/zonalimitrofe-cbnr.com\/index.php\/wp-json\/wp\/v2\/tags?post=22854"}],"curies":[{"name":"wp","href":"https:\/\/api.w.org\/{rel}","templated":true}]}}