{"id":22847,"date":"2025-07-17T17:08:13","date_gmt":"2025-07-17T23:08:13","guid":{"rendered":"https:\/\/zonalimitrofe-cbnr.com\/?p=22847"},"modified":"2025-07-17T17:08:14","modified_gmt":"2025-07-17T23:08:14","slug":"lerdo-plantan-un-centenar-de-arboles-en-utld-lerdo","status":"publish","type":"post","link":"https:\/\/zonalimitrofe-cbnr.com\/index.php\/2025\/07\/17\/lerdo-plantan-un-centenar-de-arboles-en-utld-lerdo\/","title":{"rendered":"#Lerdo. PLANTAN UN CENTENAR DE \u00c1RBOLES EN UTLD LERDO*"},"content":{"rendered":"\n<p>Lerdo, 17 de julio 2025.- Continuando con la campa\u00f1a de reforestaci\u00f3n, el personal de la direcci\u00f3n de Medio Ambiente y Ecolog\u00eda, acudi\u00f3 la Universidad Tecnol\u00f3gica de la Laguna de Durango (UTLD), en la comunidad de Las Cuevas, con cien ejemplares para plantar en la instituci\u00f3n educativa.<\/p>\n\n\n\n<p>El director de Medio Ambiente, Ricardo D\u00edaz Segovia, dio a conocer que los alumnos de la carrera de Miner\u00eda y el Ingeniero Alan Negrete, jefe de Mantenimiento, participaron en esta actividad.<\/p>\n\n\n\n<p>As\u00ed mismo, se les brind\u00f3 la informaci\u00f3n adecuada para plantar los \u00e1rboles y cuidar de ellos, pactando un compromiso con el medio ambiente y la preservaci\u00f3n de estos ejemplares.<\/p>\n\n\n\n<p>Lilas canelas, mezquites chilenos, truenos, limones y naranjos fueron los \u00e1rboles que se plantaron en el plantel educativo.<\/p>\n\n\n\n<p>El funcionario comparti\u00f3 que la campa\u00f1a de reforestaci\u00f3n \u201cVen y Adopta un \u00c1rbol\u201d ha tenido bastante \u00e9xito en el municipio, e invit\u00f3 a los habitantes de Lerdo para mantenerse informados de las pr\u00f3ximas jornadas, a trav\u00e9s de las redes oficiales del municipio (Facebook: \u201cGobierno Municipal Lerdo\u201d)<\/p>\n","protected":false},"excerpt":{"rendered":"<p>Lerdo, 17 de julio 2025.- Continuando con la campa\u00f1a de reforestaci\u00f3n, el personal de la direcci\u00f3n de Medio Ambiente y Ecolog\u00eda, acudi\u00f3 la Universidad Tecnol\u00f3gica de la Laguna de Durango (UTLD), en la comunidad de Las Cuevas, con cien ejemplares para plantar en la instituci\u00f3n educativa. El director de Medio Ambiente, Ricardo D\u00edaz Segovia, dio [&hellip;]<\/p>\n","protected":false},"author":1,"featured_media":22848,"comment_status":"open","ping_status":"open","sticky":false,"template":"","format":"standard","meta":{"_monsterinsights_skip_tracking":false,"_monsterinsights_sitenote_active":false,"_monsterinsights_sitenote_note":"","_monsterinsights_sitenote_category":0,"footnotes":""},"categories":[1],"tags":[],"_links":{"self":[{"href":"https:\/\/zonalimitrofe-cbnr.com\/index.php\/wp-json\/wp\/v2\/posts\/22847"}],"collection":[{"href":"https:\/\/zonalimitrofe-cbnr.com\/index.php\/wp-json\/wp\/v2\/posts"}],"about":[{"href":"https:\/\/zonalimitrofe-cbnr.com\/index.php\/wp-json\/wp\/v2\/types\/post"}],"author":[{"embeddable":true,"href":"https:\/\/zonalimitrofe-cbnr.com\/index.php\/wp-json\/wp\/v2\/users\/1"}],"replies":[{"embeddable":true,"href":"https:\/\/zonalimitrofe-cbnr.com\/index.php\/wp-json\/wp\/v2\/comments?post=22847"}],"version-history":[{"count":1,"href":"https:\/\/zonalimitrofe-cbnr.com\/index.php\/wp-json\/wp\/v2\/posts\/22847\/revisions"}],"predecessor-version":[{"id":22849,"href":"https:\/\/zonalimitrofe-cbnr.com\/index.php\/wp-json\/wp\/v2\/posts\/22847\/revisions\/22849"}],"wp:featuredmedia":[{"embeddable":true,"href":"https:\/\/zonalimitrofe-cbnr.com\/index.php\/wp-json\/wp\/v2\/media\/22848"}],"wp:attachment":[{"href":"https:\/\/zonalimitrofe-cbnr.com\/index.php\/wp-json\/wp\/v2\/media?parent=22847"}],"wp:term":[{"taxonomy":"category","embeddable":true,"href":"https:\/\/zonalimitrofe-cbnr.com\/index.php\/wp-json\/wp\/v2\/categories?post=22847"},{"taxonomy":"post_tag","embeddable":true,"href":"https:\/\/zonalimitrofe-cbnr.com\/index.php\/wp-json\/wp\/v2\/tags?post=22847"}],"curies":[{"name":"wp","href":"https:\/\/api.w.org\/{rel}","templated":true}]}}