{"id":22829,"date":"2025-07-17T16:42:46","date_gmt":"2025-07-17T22:42:46","guid":{"rendered":"https:\/\/zonalimitrofe-cbnr.com\/?p=22829"},"modified":"2025-07-17T16:42:46","modified_gmt":"2025-07-17T22:42:46","slug":"torreon-roman-alberto-cepeda-gonzalez-preside-ceremonia-de-graduacion-de-156-alumnos-de-dif-torreon","status":"publish","type":"post","link":"https:\/\/zonalimitrofe-cbnr.com\/index.php\/2025\/07\/17\/torreon-roman-alberto-cepeda-gonzalez-preside-ceremonia-de-graduacion-de-156-alumnos-de-dif-torreon\/","title":{"rendered":"#Torre\u00f3n. Rom\u00e1n Alberto Cepeda Gonz\u00e1lez preside ceremonia de graduaci\u00f3n de 156 alumnos de DIF Torre\u00f3n"},"content":{"rendered":"\n<p>Torre\u00f3n, Coahuila. A 17 de julio de 2025<\/p>\n\n\n\n<p>Esta ma\u00f1ana en el Centro de Convenciones, el alcalde Rom\u00e1n Alberto Cepeda Gonz\u00e1lez presidi\u00f3 la ceremonia de graduaci\u00f3n de 156 alumnos egresados de la Escuela de Enfermer\u00eda, Centros Comunitarios y Talleres Tonantzin del Sistema para el Desarrollo Integral de la Familia (DIF) Torre\u00f3n.<\/p>\n\n\n\n<p>Acompa\u00f1ado de la presidenta honoraria del DIF Torre\u00f3n, Selina Bremer de Cepeda, el edil tambi\u00e9n entreg\u00f3 reconocimientos a los alumnos m\u00e1s destacados en sus estudios.<\/p>\n\n\n\n<p>En su mensaje, Cepeda Gonz\u00e1lez felicit\u00f3 a los graduados por su compromiso y dedicaci\u00f3n para concluir su preparaci\u00f3n, y reconoci\u00f3 su esfuerzo por cristalizar sus sue\u00f1os.<\/p>\n\n\n\n<p>\u201cA los 156 graduados, 141 mujeres y 15 hombres, los felicito por su voluntad, por su compromiso con Torre\u00f3n, con Coahuila y con su familia. Es verdaderamente emotivo ver como se cristaliza el sue\u00f1o de una persona en cualquiera de las actividades que hayan elegido: Enfermer\u00eda, corte y confecci\u00f3n, administraci\u00f3n, computaci\u00f3n, o cualquiera de los cursos que tomaron, reciban mi reconocimiento\u201d.<\/p>\n\n\n\n<p>El Alcalde resalt\u00f3 la coordinaci\u00f3n con el gobernador de Coahuila, Manolo Jim\u00e9nez, quien junto con el Municipio, realiza un esfuerzo permanente para brindar las condiciones para las personas que quieran seguir estudiando.<\/p>\n\n\n\n<p>\u201cTorre\u00f3n es una ciudad joven que se fund\u00f3 con empresas que representaban los valores como la Fe, la Esperanza, la Uni\u00f3n, y esa voluntad es lo que hace que una sociedad como Torre\u00f3n y Coahuila est\u00e9 viendo hacia adelante. Como Gobierno, lo \u00fanico que puede poner uno son las condiciones, un trabajo diario de coordinaci\u00f3n en donde se garantice la seguridad, el empleo, los lugares de esparcimiento y el poder generar que cada uno y cada una de ustedes haya ido a cultivarse en plena tranquilidad, y eso es lo que seguiremos haciendo\u201d.<\/p>\n\n\n\n<p>El Presidente Municipal invit\u00f3 a seguir siendo una sociedad comprometida, justa, equitativa, y que se cultiva todos los d\u00edas para poder poner a Torre\u00f3n y a Coahuila en el \u00e1mbito nacional e internacional.<\/p>\n\n\n\n<p>Asimismo, alent\u00f3 a los graduados a seguir adelante en cumplimiento de sus sue\u00f1os. \u201cEstudiar es importante, pero tomar la decisi\u00f3n de hacerlo es lo m\u00e1s importante y ustedes ya lo hicieron. A quienes decidan quedarse ah\u00ed, estaremos siempre para<\/p>\n\n\n\n<p>apoyarlos, y a quienes dec\u00edan continuar tambi\u00e9n les digo siempre encontrar\u00e1n eco en el Gobierno del Estado y en el Municipio.<\/p>\n\n\n\n<p>Selina Bremer de Cepeda, presidenta Honoraria del DIF Torre\u00f3n, detall\u00f3 que concluyen sus estudios 156 alumnos: 70 de los centros comunitarios, 39 provenientes de talleres Tonantzin, y 47 que conforman la novena generaci\u00f3n de la Escuela de Enfermer\u00eda DIF Torre\u00f3n.<\/p>\n\n\n\n<p>Dijo que para la Administraci\u00f3n Municipal y para el DIF Torre\u00f3n, de la mano con DIF Coahuila, es un orgullo formar profesionales en enfermer\u00eda, quienes cuidar\u00e1n de manera humana y profesional la salud de los ciudadanos de Torre\u00f3n que as\u00ed lo requieran.<\/p>\n\n\n\n<p>\u201cReconocemos su esfuerzo y desempe\u00f1o, el cual seguramente no fue f\u00e1cil, pero eso s\u00ed lleno de grandes satisfacciones. El d\u00eda de hoy compartiremos con ustedes la ceremonia del Paso de la Luz, una gu\u00eda para quienes sufren dolor o desesperanza y representa lo que nuestros graduados dejan a las futuras generaciones\u201d.<\/p>\n\n\n\n<p>Agradeci\u00f3 a quienes a lo largo de estos tres a\u00f1os contribuyeron a forjar el car\u00e1cter de los alumnos y les brindaron las herramientas y los conocimientos que hoy los convierten en t\u00e9cnicos en enfermer\u00eda de excelencia.<\/p>\n\n\n\n<p>Asimismo, la presidenta del DIF Torre\u00f3n, felicit\u00f3 a los alumnos de los talleres Tonantzin y de Centros Comunitarios del organismo, en las modalidades de corte y confecci\u00f3n, cultora de belleza, auxiliar administrativo y contable, computaci\u00f3n, cocina y reposter\u00eda.<\/p>\n\n\n\n<p>\u201cSon alumnos que tambi\u00e9n el d\u00eda de hoy cumplen una meta, la cual estoy segura tambi\u00e9n implic\u00f3 esfuerzo y sacrificio, pero lo hicieron aprendiendo lo que les gusta y esto les brindar\u00e1 a ustedes grandes herramientas para que cada quien las utilice seg\u00fan sus necesidades, puede ser como una forma de contribuir a la econom\u00eda de sus hogares, para tener un ingreso personal, crecimiento y desarrollo, o simplemente una terapia ocupacional. Felicidades a todos y a todas por su empe\u00f1o, los invito a seguir adelante y a seguirse preparando y fij\u00e1ndose metas porque la vida est\u00e1 llena de grandes oportunidades\u201d.<\/p>\n\n\n\n<p>Estuvieron tambi\u00e9n presentes: Lorena Safa Serrato, coordinadora DIF Coahuila Regi\u00f3n Laguna; Karla Liliana Centeno F\u00e9lix, presidenta de la Comisi\u00f3n de DIF Torre\u00f3n; Marlene Mart\u00ednez Vald\u00e9s, directora general de DIF Torre\u00f3n.<\/p>\n","protected":false},"excerpt":{"rendered":"<p>Torre\u00f3n, Coahuila. A 17 de julio de 2025 Esta ma\u00f1ana en el Centro de Convenciones, el alcalde Rom\u00e1n Alberto Cepeda Gonz\u00e1lez presidi\u00f3 la ceremonia de graduaci\u00f3n de 156 alumnos egresados de la Escuela de Enfermer\u00eda, Centros Comunitarios y Talleres Tonantzin del Sistema para el Desarrollo Integral de la Familia (DIF) Torre\u00f3n. Acompa\u00f1ado de la presidenta [&hellip;]<\/p>\n","protected":false},"author":1,"featured_media":22830,"comment_status":"open","ping_status":"open","sticky":false,"template":"","format":"standard","meta":{"_monsterinsights_skip_tracking":false,"_monsterinsights_sitenote_active":false,"_monsterinsights_sitenote_note":"","_monsterinsights_sitenote_category":0,"footnotes":""},"categories":[1],"tags":[],"_links":{"self":[{"href":"https:\/\/zonalimitrofe-cbnr.com\/index.php\/wp-json\/wp\/v2\/posts\/22829"}],"collection":[{"href":"https:\/\/zonalimitrofe-cbnr.com\/index.php\/wp-json\/wp\/v2\/posts"}],"about":[{"href":"https:\/\/zonalimitrofe-cbnr.com\/index.php\/wp-json\/wp\/v2\/types\/post"}],"author":[{"embeddable":true,"href":"https:\/\/zonalimitrofe-cbnr.com\/index.php\/wp-json\/wp\/v2\/users\/1"}],"replies":[{"embeddable":true,"href":"https:\/\/zonalimitrofe-cbnr.com\/index.php\/wp-json\/wp\/v2\/comments?post=22829"}],"version-history":[{"count":1,"href":"https:\/\/zonalimitrofe-cbnr.com\/index.php\/wp-json\/wp\/v2\/posts\/22829\/revisions"}],"predecessor-version":[{"id":22831,"href":"https:\/\/zonalimitrofe-cbnr.com\/index.php\/wp-json\/wp\/v2\/posts\/22829\/revisions\/22831"}],"wp:featuredmedia":[{"embeddable":true,"href":"https:\/\/zonalimitrofe-cbnr.com\/index.php\/wp-json\/wp\/v2\/media\/22830"}],"wp:attachment":[{"href":"https:\/\/zonalimitrofe-cbnr.com\/index.php\/wp-json\/wp\/v2\/media?parent=22829"}],"wp:term":[{"taxonomy":"category","embeddable":true,"href":"https:\/\/zonalimitrofe-cbnr.com\/index.php\/wp-json\/wp\/v2\/categories?post=22829"},{"taxonomy":"post_tag","embeddable":true,"href":"https:\/\/zonalimitrofe-cbnr.com\/index.php\/wp-json\/wp\/v2\/tags?post=22829"}],"curies":[{"name":"wp","href":"https:\/\/api.w.org\/{rel}","templated":true}]}}