{"id":22826,"date":"2025-07-17T16:38:54","date_gmt":"2025-07-17T22:38:54","guid":{"rendered":"https:\/\/zonalimitrofe-cbnr.com\/?p=22826"},"modified":"2025-07-17T16:38:54","modified_gmt":"2025-07-17T22:38:54","slug":"durango-oficialmente-150-mil-alumnos-salen-de-vacaciones-en-la-laguna-de-durango","status":"publish","type":"post","link":"https:\/\/zonalimitrofe-cbnr.com\/index.php\/2025\/07\/17\/durango-oficialmente-150-mil-alumnos-salen-de-vacaciones-en-la-laguna-de-durango\/","title":{"rendered":"#Durango. Oficialmente, 150 mil alumnos salen de vacaciones en La Laguna de Durango*"},"content":{"rendered":"\n<ul>\n<li>La SEED lleva a cabo la credencializaci\u00f3n de m\u00e1s de 5 mil trabajadores docentes y administrativos en La Laguna<\/li>\n\n\n\n<li>SEED Arranca operativo de vigilancia a planteles educativos en coordinaci\u00f3n con Seguridad P\u00fablica municipales, maestros y padres de familia<\/li>\n<\/ul>\n\n\n\n<p>Comarca Lagunera.- El Gobierno de Esteban Villegas Villarreal, a trav\u00e9s de la subsecretar\u00eda de Educaci\u00f3n en el Estado de Durango (SSED) inform\u00f3 que, a partir del 16 de julio, oficialmente iniciaron las vacaciones de verano para m\u00e1s de 150 mil ni\u00f1as y ni\u00f1os de mil 200 planteles educativos de La Laguna de Durango.<\/p>\n\n\n\n<p>As\u00ed lo dio a conocer Fernando Ulises Adame de Le\u00f3n, subsecretario de la SEED en La Laguna, al precisar que tras la adecuaci\u00f3n al periodo vacacional que marc\u00f3 la Secretar\u00eda de Educaci\u00f3n P\u00fablica en M\u00e9xico, el regreso a clases qued\u00f3 estipulado para la primer semana del mes de septiembre.<\/p>\n\n\n\n<p>\u201cNo obstante, quiero decirle que, los docentes nos quedamos un poco m\u00e1s, y saldremos de vacaciones a partir del 22 de julio, para regresar unos d\u00edas antes que los alumnos; sin embargo, esta Secretar\u00eda mantendr\u00e1 guardias durante todo el periodo vacacional, ya que estamos credencializando a m\u00e1s de cinco mil trabajadores docentes y administrativos de La Laguna\u201d.<\/p>\n\n\n\n<p>Explic\u00f3 que, el proceso de credencializaci\u00f3n se realiza en las instalaciones de la Oficina Municipal de Administraci\u00f3n Educativa (OMAE) de Ciudad Lerdo y en la subsecretar\u00eda de Educaci\u00f3n en la Regi\u00f3n Laguna y que es importante que todas las personas adscritas a la SEED cuenten con su credencial oficial.<\/p>\n\n\n\n<p>Fernando Ulises Adame de Le\u00f3n a\u00f1adi\u00f3 que a la par del inicio del periodo vacacional, inicia tambi\u00e9n el operativo de rondines a los m\u00e1s de mil planteles educativos de la regi\u00f3n, gracias a los programas convenidos con los Municipios de G\u00f3mez Palacio y Lerdo, a trav\u00e9s de sus Direcciones de Seguridad P\u00fablica, se mantiene una vigilancia en coordinaci\u00f3n con los padres de familia.<\/p>\n\n\n\n<p>\u201cGracias a que contamos con grupos de WhatsApp donde los padres de familia est\u00e1n en comunicaci\u00f3n directa con las autoridades se fren\u00f3 la delincuencia a los plantes en las vacaciones. Hemos tenido casos en los que, cuando la persona intenta hacer algo indebido, es detectado de inmediato. El \u00faltimo a\u00f1o tuvimos tres se\u00f1alamientos y los individuos fueron agarrados en flagrancia, entonces, es un esquema que nos ha funcionado bien\u201d, dijo.<\/p>\n\n\n\n<p>El Subsecretario de Educaci\u00f3n coment\u00f3 que, otro aspecto importante es que se ha solicitado a los maestros y padres de familia, no dejar objetos valiosos como computadoras, laptops, equipos de sonido, pantallas, impresoras y dem\u00e1s, en los planteles, que pudieran ser objeto de robo.<\/p>\n\n\n\n<p>\u201cQuiero destacar que los pap\u00e1s nos ayudan much\u00edsimo, son el instrumento que tenemos para la vigilancia puntual de las escuelas; adem\u00e1s de que las polic\u00edas municipales y el Centro de Comando, Control, Comunicaciones y C\u00f3mputo (C-4) son muy eficientes y responden de inmediato a nuestros llamados\u201d.<\/p>\n","protected":false},"excerpt":{"rendered":"<p>Comarca Lagunera.- El Gobierno de Esteban Villegas Villarreal, a trav\u00e9s de la subsecretar\u00eda de Educaci\u00f3n en el Estado de Durango (SSED) inform\u00f3 que, a partir del 16 de julio, oficialmente iniciaron las vacaciones de verano para m\u00e1s de 150 mil ni\u00f1as y ni\u00f1os de mil 200 planteles educativos de La Laguna de Durango. As\u00ed lo [&hellip;]<\/p>\n","protected":false},"author":1,"featured_media":22827,"comment_status":"open","ping_status":"open","sticky":false,"template":"","format":"standard","meta":{"_monsterinsights_skip_tracking":false,"_monsterinsights_sitenote_active":false,"_monsterinsights_sitenote_note":"","_monsterinsights_sitenote_category":0,"footnotes":""},"categories":[1],"tags":[],"_links":{"self":[{"href":"https:\/\/zonalimitrofe-cbnr.com\/index.php\/wp-json\/wp\/v2\/posts\/22826"}],"collection":[{"href":"https:\/\/zonalimitrofe-cbnr.com\/index.php\/wp-json\/wp\/v2\/posts"}],"about":[{"href":"https:\/\/zonalimitrofe-cbnr.com\/index.php\/wp-json\/wp\/v2\/types\/post"}],"author":[{"embeddable":true,"href":"https:\/\/zonalimitrofe-cbnr.com\/index.php\/wp-json\/wp\/v2\/users\/1"}],"replies":[{"embeddable":true,"href":"https:\/\/zonalimitrofe-cbnr.com\/index.php\/wp-json\/wp\/v2\/comments?post=22826"}],"version-history":[{"count":1,"href":"https:\/\/zonalimitrofe-cbnr.com\/index.php\/wp-json\/wp\/v2\/posts\/22826\/revisions"}],"predecessor-version":[{"id":22828,"href":"https:\/\/zonalimitrofe-cbnr.com\/index.php\/wp-json\/wp\/v2\/posts\/22826\/revisions\/22828"}],"wp:featuredmedia":[{"embeddable":true,"href":"https:\/\/zonalimitrofe-cbnr.com\/index.php\/wp-json\/wp\/v2\/media\/22827"}],"wp:attachment":[{"href":"https:\/\/zonalimitrofe-cbnr.com\/index.php\/wp-json\/wp\/v2\/media?parent=22826"}],"wp:term":[{"taxonomy":"category","embeddable":true,"href":"https:\/\/zonalimitrofe-cbnr.com\/index.php\/wp-json\/wp\/v2\/categories?post=22826"},{"taxonomy":"post_tag","embeddable":true,"href":"https:\/\/zonalimitrofe-cbnr.com\/index.php\/wp-json\/wp\/v2\/tags?post=22826"}],"curies":[{"name":"wp","href":"https:\/\/api.w.org\/{rel}","templated":true}]}}