{"id":22823,"date":"2025-07-17T16:35:51","date_gmt":"2025-07-17T22:35:51","guid":{"rendered":"https:\/\/zonalimitrofe-cbnr.com\/?p=22823"},"modified":"2025-07-17T16:35:51","modified_gmt":"2025-07-17T22:35:51","slug":"gp-ayuntamiento-de-gomez-palacio-ajusta-horarios-de-atencion-por-periodo-vacacional-de-verano","status":"publish","type":"post","link":"https:\/\/zonalimitrofe-cbnr.com\/index.php\/2025\/07\/17\/gp-ayuntamiento-de-gomez-palacio-ajusta-horarios-de-atencion-por-periodo-vacacional-de-verano\/","title":{"rendered":"#GP. Ayuntamiento de G\u00f3mez Palacio ajusta horarios de atenci\u00f3n por periodo vacacional de verano*"},"content":{"rendered":"\n<p>+Presidencia Municipal y sus distintas dependencias operar\u00e1n de 9:00 a 14:00 horas del lunes 21 de julio al viernes 1 de agosto<\/p>\n\n\n\n<p>El Ayuntamiento de G\u00f3mez Palacio informa a la ciudadan\u00eda que, con motivo del periodo vacacional de verano, las oficinas de Presidencia Municipal y sus distintas dependencias laborar\u00e1n en horario especial de 9:00 a 14:00 horas, del lunes 21 de julio al viernes 1 de agosto. Las actividades se reanudar\u00e1n en su horario habitual de 08:00 a 16:00 horas el lunes 4 de agosto de 2025.<\/p>\n\n\n\n<p>Jos\u00e9 Luis Mon\u00e1rrez Stevenson, director de Capital Humano, explic\u00f3 que esta medida fue instruida por la Presidenta Municipal, Leticia Herrera Ale, con el objetivo de mantener la atenci\u00f3n a la ciudadan\u00eda durante el receso vacacional. Para ello, se establecer\u00e1n guardias en todas las \u00e1reas del Gobierno Municipal, garantizando la continuidad en la prestaci\u00f3n de servicios.<\/p>\n\n\n\n<p>Asimismo, se informa que las direcciones de Protecci\u00f3n Civil, Seguridad P\u00fablica y Tr\u00e1nsito y Vialidad operar\u00e1n con normalidad durante este periodo, debido a la naturaleza prioritaria de sus funciones y su responsabilidad en la atenci\u00f3n de emergencias y seguridad ciudadana.<\/p>\n\n\n\n<p>Se exhorta a la poblaci\u00f3n a programar con anticipaci\u00f3n sus tr\u00e1mites y gestiones, tomando en cuenta los horarios temporales de atenci\u00f3n, y se les recuerda que los servicios esenciales permanecer\u00e1n activos.<\/p>\n\n\n\n<p>El Gobierno Municipal agradece la comprensi\u00f3n de las y los gomezpalatinos, reiterando su compromiso de continuar trabajando con eficiencia y cercan\u00eda en beneficio de toda la comunidad.<\/p>\n","protected":false},"excerpt":{"rendered":"<p>+Presidencia Municipal y sus distintas dependencias operar\u00e1n de 9:00 a 14:00 horas del lunes 21 de julio al viernes 1 de agosto El Ayuntamiento de G\u00f3mez Palacio informa a la ciudadan\u00eda que, con motivo del periodo vacacional de verano, las oficinas de Presidencia Municipal y sus distintas dependencias laborar\u00e1n en horario especial de 9:00 a [&hellip;]<\/p>\n","protected":false},"author":1,"featured_media":22824,"comment_status":"open","ping_status":"open","sticky":false,"template":"","format":"standard","meta":{"_monsterinsights_skip_tracking":false,"_monsterinsights_sitenote_active":false,"_monsterinsights_sitenote_note":"","_monsterinsights_sitenote_category":0,"footnotes":""},"categories":[1],"tags":[],"_links":{"self":[{"href":"https:\/\/zonalimitrofe-cbnr.com\/index.php\/wp-json\/wp\/v2\/posts\/22823"}],"collection":[{"href":"https:\/\/zonalimitrofe-cbnr.com\/index.php\/wp-json\/wp\/v2\/posts"}],"about":[{"href":"https:\/\/zonalimitrofe-cbnr.com\/index.php\/wp-json\/wp\/v2\/types\/post"}],"author":[{"embeddable":true,"href":"https:\/\/zonalimitrofe-cbnr.com\/index.php\/wp-json\/wp\/v2\/users\/1"}],"replies":[{"embeddable":true,"href":"https:\/\/zonalimitrofe-cbnr.com\/index.php\/wp-json\/wp\/v2\/comments?post=22823"}],"version-history":[{"count":1,"href":"https:\/\/zonalimitrofe-cbnr.com\/index.php\/wp-json\/wp\/v2\/posts\/22823\/revisions"}],"predecessor-version":[{"id":22825,"href":"https:\/\/zonalimitrofe-cbnr.com\/index.php\/wp-json\/wp\/v2\/posts\/22823\/revisions\/22825"}],"wp:featuredmedia":[{"embeddable":true,"href":"https:\/\/zonalimitrofe-cbnr.com\/index.php\/wp-json\/wp\/v2\/media\/22824"}],"wp:attachment":[{"href":"https:\/\/zonalimitrofe-cbnr.com\/index.php\/wp-json\/wp\/v2\/media?parent=22823"}],"wp:term":[{"taxonomy":"category","embeddable":true,"href":"https:\/\/zonalimitrofe-cbnr.com\/index.php\/wp-json\/wp\/v2\/categories?post=22823"},{"taxonomy":"post_tag","embeddable":true,"href":"https:\/\/zonalimitrofe-cbnr.com\/index.php\/wp-json\/wp\/v2\/tags?post=22823"}],"curies":[{"name":"wp","href":"https:\/\/api.w.org\/{rel}","templated":true}]}}