{"id":22811,"date":"2025-07-16T15:49:16","date_gmt":"2025-07-16T21:49:16","guid":{"rendered":"https:\/\/zonalimitrofe-cbnr.com\/?p=22811"},"modified":"2025-07-16T15:49:16","modified_gmt":"2025-07-16T21:49:16","slug":"torreon-dif-torreon-abre-convocatoria-para-la-eleccion-de-reina-del-adulto-mayor","status":"publish","type":"post","link":"https:\/\/zonalimitrofe-cbnr.com\/index.php\/2025\/07\/16\/torreon-dif-torreon-abre-convocatoria-para-la-eleccion-de-reina-del-adulto-mayor\/","title":{"rendered":"#Torre\u00f3n. DIF Torre\u00f3n abre convocatoria para la elecci\u00f3n de Reina del Adulto Mayor"},"content":{"rendered":"\n<p>Torre\u00f3n, Coahuila. A 16 de julio de 2025<\/p>\n\n\n\n<p>Como cada a\u00f1o, el Sistema para el Desarrollo Integral de la Familia (DIF) Torre\u00f3n lanza la convocatoria para elegir a la Reina y Princesas del Adulto Mayor, quienes ser\u00e1n coronadas en el tradicional Baile Cana al Aire, un evento que rinde homenaje a las mujeres mayores de 60 a\u00f1os.<\/p>\n\n\n\n<p>La se\u00f1ora Selina Bremer de Cepeda, presidenta honoraria de DIF Torre\u00f3n, dio a conocer que esta actividad es una de las m\u00e1s esperadas por las mujeres adultas mayores del municipio, ya que reconoce su legado, sabidur\u00eda, fortaleza y entusiasmo.<\/p>\n\n\n\n<p>\u201cEsta elecci\u00f3n no solo es una celebraci\u00f3n, es una manera de reconocer a nuestras mujeres adultas mayores por todo lo que representan en sus familias y comunidades. Es un homenaje a su energ\u00eda, experiencia y cari\u00f1o\u201d.<\/p>\n\n\n\n<p>Por su parte, la directora general de DIF Torre\u00f3n, Marlene Mart\u00ednez Vald\u00e9s, explic\u00f3 que por instrucciones del alcalde Rom\u00e1n Alberto Cepeda Gonz\u00e1lez, se abre oficialmente esta convocatoria.<\/p>\n\n\n\n<p>Adem\u00e1s, destac\u00f3 que la reina que resulte elegida representar\u00e1 al municipio en la elecci\u00f3n estatal organizada por DIF Coahuila, el pr\u00f3ximo mes de agosto en Francisco I. Madero.<\/p>\n\n\n\n<p>\u201cQueremos que m\u00e1s mujeres adultas mayores vivan esta experiencia. Torre\u00f3n tiene muchas mujeres valiosas que merecen ser reconocidas. La ganadora podr\u00e1 representar a nuestra ciudad en el certamen estatal con gran orgullo\u201d.<\/p>\n\n\n\n<p>La convocatoria se cerrar\u00e1, hasta llenar el cupo de 100 aspirantes. Entre los requisitos se encuentra: tener 60 a\u00f1os cumplidos, contar con movilidad independiente, y contar con disponibilidad para viajar.<\/p>\n\n\n\n<p>Para la inscripci\u00f3n, las personas interesadas deber\u00e1n enviar un mensaje de WhatsApp al 871 189 01 62 con la frase \u201cQuiero ser reina\u201d, acompa\u00f1ado del nombre completo, domicilio, edad y tel\u00e9fono.<\/p>\n\n\n\n<p>La funcionaria dio a conocer que se evaluar\u00e1 el porte, la facilidad de palabra, aptitud cognitiva y los conocimientos generales del municipio.<\/p>\n\n\n\n<p>Finalmente, destac\u00f3 que en el 2024, la Reina del Adulto Mayor fue Patricia \u00c1vila L\u00f3pez, y las princesas fueron Enriqueta Garc\u00eda y Rosa Silvia Rosales, quienes representaron con orgullo y dignidad a las adultas mayores de Torre\u00f3n.<\/p>\n\n\n\n<p>Para m\u00e1s informaci\u00f3n, las interesadas pueden comunicarse al n\u00famero antes mencionado o acudir a las oficinas de DIF Torre\u00f3n.<\/p>\n","protected":false},"excerpt":{"rendered":"<p>Torre\u00f3n, Coahuila. A 16 de julio de 2025 Como cada a\u00f1o, el Sistema para el Desarrollo Integral de la Familia (DIF) Torre\u00f3n lanza la convocatoria para elegir a la Reina y Princesas del Adulto Mayor, quienes ser\u00e1n coronadas en el tradicional Baile Cana al Aire, un evento que rinde homenaje a las mujeres mayores de [&hellip;]<\/p>\n","protected":false},"author":1,"featured_media":22812,"comment_status":"open","ping_status":"open","sticky":false,"template":"","format":"standard","meta":{"_monsterinsights_skip_tracking":false,"_monsterinsights_sitenote_active":false,"_monsterinsights_sitenote_note":"","_monsterinsights_sitenote_category":0,"footnotes":""},"categories":[1],"tags":[],"_links":{"self":[{"href":"https:\/\/zonalimitrofe-cbnr.com\/index.php\/wp-json\/wp\/v2\/posts\/22811"}],"collection":[{"href":"https:\/\/zonalimitrofe-cbnr.com\/index.php\/wp-json\/wp\/v2\/posts"}],"about":[{"href":"https:\/\/zonalimitrofe-cbnr.com\/index.php\/wp-json\/wp\/v2\/types\/post"}],"author":[{"embeddable":true,"href":"https:\/\/zonalimitrofe-cbnr.com\/index.php\/wp-json\/wp\/v2\/users\/1"}],"replies":[{"embeddable":true,"href":"https:\/\/zonalimitrofe-cbnr.com\/index.php\/wp-json\/wp\/v2\/comments?post=22811"}],"version-history":[{"count":1,"href":"https:\/\/zonalimitrofe-cbnr.com\/index.php\/wp-json\/wp\/v2\/posts\/22811\/revisions"}],"predecessor-version":[{"id":22813,"href":"https:\/\/zonalimitrofe-cbnr.com\/index.php\/wp-json\/wp\/v2\/posts\/22811\/revisions\/22813"}],"wp:featuredmedia":[{"embeddable":true,"href":"https:\/\/zonalimitrofe-cbnr.com\/index.php\/wp-json\/wp\/v2\/media\/22812"}],"wp:attachment":[{"href":"https:\/\/zonalimitrofe-cbnr.com\/index.php\/wp-json\/wp\/v2\/media?parent=22811"}],"wp:term":[{"taxonomy":"category","embeddable":true,"href":"https:\/\/zonalimitrofe-cbnr.com\/index.php\/wp-json\/wp\/v2\/categories?post=22811"},{"taxonomy":"post_tag","embeddable":true,"href":"https:\/\/zonalimitrofe-cbnr.com\/index.php\/wp-json\/wp\/v2\/tags?post=22811"}],"curies":[{"name":"wp","href":"https:\/\/api.w.org\/{rel}","templated":true}]}}