{"id":22802,"date":"2025-07-16T15:41:14","date_gmt":"2025-07-16T21:41:14","guid":{"rendered":"https:\/\/zonalimitrofe-cbnr.com\/?p=22802"},"modified":"2025-07-16T15:41:15","modified_gmt":"2025-07-16T21:41:15","slug":"uadec-en-la-unidad-laguna-de-la-uadec-se-desarrolla-el-curso-de-verano-lobos-camp-2025","status":"publish","type":"post","link":"https:\/\/zonalimitrofe-cbnr.com\/index.php\/2025\/07\/16\/uadec-en-la-unidad-laguna-de-la-uadec-se-desarrolla-el-curso-de-verano-lobos-camp-2025\/","title":{"rendered":"#UAdeC. En la Unidad Laguna de la UAdeC se Desarrolla el Curso de Verano \u201cLobos Camp 2025\u201d"},"content":{"rendered":"\n<p>TORRE\u00d3N, Coahuila. 16 de julio de 2025. El rector de la Universidad Aut\u00f3noma de Coahuila, Octavio Pimentel Mart\u00ednez, visit\u00f3 las actividades del Campamento de Verano \u201cLobos Camp 2025\u201d en la Unidad Laguna (UL), espacio destinado para las y los hijos de los trabajadores universitarios, as\u00ed como a la poblaci\u00f3n en general y el cual se desarrolla del 14 al 25 de julio en las instalaciones de la Facultad de Contadur\u00eda y Administraci\u00f3n (FCA).<\/p>\n\n\n\n<p>Asistieron la coordinadora de la Unidad Laguna de la UAdeC, Sandra L\u00f3pez Chavarr\u00eda, la directora de la Facultad de Contadur\u00eda y Administraci\u00f3n (FCA), Reyna Jazm\u00edn Rodr\u00edguez Trejo, la presidenta de la Academia de Directoras y Directores, Grace Aileen Ruiz Santoyo, as\u00ed como directivos de las Escuelas y Facultades que conforman la UL.<\/p>\n\n\n\n<p>En su mensaje, el rector Octavio Pimentel Mart\u00ednez, expres\u00f3 su alegr\u00eda por estar este d\u00eda con las y los peque\u00f1os del \u201cLobos Camp\u201d UL, a quienes dijo que \u201cestas dos semanas ser\u00e1n de diversi\u00f3n, alegr\u00eda y aprendizaje, adem\u00e1s de una oportunidad para que conozcan la universidad, para que en el futuro formen parte de la gran familia de los lobos de la Aut\u00f3noma de Coahuila\u201d.<\/p>\n\n\n\n<p>Adem\u00e1s, reconoci\u00f3 el compromiso de quienes hacen posible este proyecto, por lo que agradeci\u00f3 a la coordinadora de UL, Sandra L\u00f3pez Chavarr\u00eda, por su ayuda y colaboraci\u00f3n, a la directora de la FCA, Reyna Rodr\u00edguez por prestar las instalaciones de este plantel, as\u00ed como a quienes brindan sus instalaciones en Monclova, Saltillo, M\u00fazquiz y pr\u00f3ximamente en Piedras Negras.<\/p>\n\n\n\n<p>Por su parte, la coordinadora de Unidad Laguna, Sandra L\u00f3pez Chavarr\u00eda, agradeci\u00f3 al rector por su respaldo y presencia en el inicio del campamento, as\u00ed como a las autoridades acad\u00e9micas que acompa\u00f1aron a los peque\u00f1os en estos d\u00edas de actividades.<\/p>\n\n\n\n<p>Cabe se\u00f1alar que durante el curso de verano las y los participantes disfrutar\u00e1n de una variedad de actividades recreativas y educativas, dise\u00f1adas para fomentar el desarrollo integral y el aprendizaje en un ambiente divertido, adem\u00e1s participar\u00e1n en diversos talleres como baile moderno, teatro musical, rob\u00f3tica, cocina divertida, pintura, desarrollo psicomotor, \u201cdivertitodo\u201d, manualidades y danza a\u00e9rea, adem\u00e1s de tae kwon do, gimnasia y basquetbol.<\/p>\n","protected":false},"excerpt":{"rendered":"<p>TORRE\u00d3N, Coahuila. 16 de julio de 2025. El rector de la Universidad Aut\u00f3noma de Coahuila, Octavio Pimentel Mart\u00ednez, visit\u00f3 las actividades del Campamento de Verano \u201cLobos Camp 2025\u201d en la Unidad Laguna (UL), espacio destinado para las y los hijos de los trabajadores universitarios, as\u00ed como a la poblaci\u00f3n en general y el cual se [&hellip;]<\/p>\n","protected":false},"author":1,"featured_media":22803,"comment_status":"open","ping_status":"open","sticky":false,"template":"","format":"standard","meta":{"_monsterinsights_skip_tracking":false,"_monsterinsights_sitenote_active":false,"_monsterinsights_sitenote_note":"","_monsterinsights_sitenote_category":0,"footnotes":""},"categories":[1],"tags":[],"_links":{"self":[{"href":"https:\/\/zonalimitrofe-cbnr.com\/index.php\/wp-json\/wp\/v2\/posts\/22802"}],"collection":[{"href":"https:\/\/zonalimitrofe-cbnr.com\/index.php\/wp-json\/wp\/v2\/posts"}],"about":[{"href":"https:\/\/zonalimitrofe-cbnr.com\/index.php\/wp-json\/wp\/v2\/types\/post"}],"author":[{"embeddable":true,"href":"https:\/\/zonalimitrofe-cbnr.com\/index.php\/wp-json\/wp\/v2\/users\/1"}],"replies":[{"embeddable":true,"href":"https:\/\/zonalimitrofe-cbnr.com\/index.php\/wp-json\/wp\/v2\/comments?post=22802"}],"version-history":[{"count":1,"href":"https:\/\/zonalimitrofe-cbnr.com\/index.php\/wp-json\/wp\/v2\/posts\/22802\/revisions"}],"predecessor-version":[{"id":22804,"href":"https:\/\/zonalimitrofe-cbnr.com\/index.php\/wp-json\/wp\/v2\/posts\/22802\/revisions\/22804"}],"wp:featuredmedia":[{"embeddable":true,"href":"https:\/\/zonalimitrofe-cbnr.com\/index.php\/wp-json\/wp\/v2\/media\/22803"}],"wp:attachment":[{"href":"https:\/\/zonalimitrofe-cbnr.com\/index.php\/wp-json\/wp\/v2\/media?parent=22802"}],"wp:term":[{"taxonomy":"category","embeddable":true,"href":"https:\/\/zonalimitrofe-cbnr.com\/index.php\/wp-json\/wp\/v2\/categories?post=22802"},{"taxonomy":"post_tag","embeddable":true,"href":"https:\/\/zonalimitrofe-cbnr.com\/index.php\/wp-json\/wp\/v2\/tags?post=22802"}],"curies":[{"name":"wp","href":"https:\/\/api.w.org\/{rel}","templated":true}]}}