{"id":22799,"date":"2025-07-16T15:37:36","date_gmt":"2025-07-16T21:37:36","guid":{"rendered":"https:\/\/zonalimitrofe-cbnr.com\/?p=22799"},"modified":"2025-07-16T15:37:37","modified_gmt":"2025-07-16T21:37:37","slug":"torreon-alcalde-reforzara-los-operativos-de-seguridad-en-el-periodo-vacacional-de-las-escuelas","status":"publish","type":"post","link":"https:\/\/zonalimitrofe-cbnr.com\/index.php\/2025\/07\/16\/torreon-alcalde-reforzara-los-operativos-de-seguridad-en-el-periodo-vacacional-de-las-escuelas\/","title":{"rendered":"#Torre\u00f3n. Alcalde reforzar\u00e1 los operativos de seguridad en el periodo vacacional de las escuelas"},"content":{"rendered":"\n<p><strong>Torre\u00f3n, Coahuila. A 16 de julio de 2025.- <\/strong>Durante la vig\u00e9sima sexta reuni\u00f3n semanal de seguridad, el alcalde Rom\u00e1n Alberto Cepeda Gonz\u00e1lez solicit\u00f3 a las diferentes corporaciones policiacas reforzar los recorridos de vigilancia en las diferentes escuelas de Torre\u00f3n, para inhibir los robos y da\u00f1os en las instalaciones durante el periodo vacacional de verano. El Presidente Municipal inform\u00f3 que este mismo d\u00eda se llevar\u00e1 a cabo una reuni\u00f3n con representantes del sector educativo, con el prop\u00f3sito de establecer acuerdos en conjunto con el Gobierno del Estado y el Municipio, que permitan reforzar la seguridad en las escuelas y prevenir robos o actos de vandalismo. Por otro lado, el Alcalde se\u00f1al\u00f3 que se revis\u00f3 en la mesa semanal de seguridad, en la cual participan los tres \u00f3rdenes de Gobierno, el mapa de calor para intensificar la vigilancia en la ciudad. \u201cEl tema de seguridad va migrando, y es importante focalizar mayores frecuencias de rondines, implementar estrategias y utilizar casetas itinerantes\u201d. Rom\u00e1n Alberto Cepeda Gonz\u00e1lez indic\u00f3 que tambi\u00e9n se revisar\u00e1n los nuevos programas y acciones conjuntas con el gobernador Manolo Jim\u00e9nez Salinas, que se implementar\u00e1n durante el segundo semestre del a\u00f1o, como parte del fortalecimiento integral de la seguridad en el municipio. Cabe destacar que antes de iniciar la reuni\u00f3n, el Alcalde reconoci\u00f3 a cinco elementos de la Polic\u00eda de Torre\u00f3n por su destacada labor durante el mes. Referente al \u00edndice semanal de incidencia delictiva, el comisario Alfredo Flores Originales, director de la Polic\u00eda de Torre\u00f3n, inform\u00f3 que del 08 al 14 de julio disminuy\u00f3 el \u00edndice delictivo en el rubro de robo a casa habitaci\u00f3n, con siete eventos; robo a accesorio de veh\u00edculo, con cero eventos; y el robo a local comercial, con siete eventos. Adem\u00e1s, el director destac\u00f3 las acciones de proximidad de los agentes en los diversos operativos como el de bares \u201cCentinela\u201d.<\/p>\n\n\n\n<p>La Polic\u00eda Municipal efectu\u00f3 100 detenciones que fueron remitidas al Ministerio P\u00fablico y 126 al Juez Calificador.<\/p>\n\n\n\n<p>El Grupo de Reacci\u00f3n Torre\u00f3n realiz\u00f3 12 detenciones relacionadas con la posesi\u00f3n de narc\u00f3ticos.<\/p>\n\n\n\n<p>Por su parte, Martha Esther Rodr\u00edguez Romero, directora del Centro de Justicia Municipal, inform\u00f3 sobre las estrategias implementadas para la prevenci\u00f3n de accidentes viales, entre las que destacan los operativos de alcohol\u00edmetro y pruebas antidoping.<\/p>\n\n\n\n<p>Se\u00f1al\u00f3 que durante el periodo mencionado se registraron seis accidentes relacionados con el consumo de alcohol. Ante esta situaci\u00f3n, indic\u00f3 que se han reforzado las labores de revisi\u00f3n, no solo por casos de estado de ebriedad sino tambi\u00e9n por accidentes derivados de la falta de precauci\u00f3n, el incumplimiento de se\u00f1alamientos viales y la omisi\u00f3n en cruceros semaforizados.<\/p>\n\n\n\n<p>Luis Alberto Morales Cort\u00e9s, director de Vialidad y Movilidad Urbana, destac\u00f3 las mil 334 labores sociales del personal de la dependencia, como los actos heroicos, traslados de urgencia, apoyo a adultos mayores, enfermos y ciudadanos en general, y el auxilio por veh\u00edculos descompuestos.<\/p>\n\n\n\n<p>Dio a conocer la participaci\u00f3n de agentes en la capacitaci\u00f3n de derechos humanos con perspectiva de g\u00e9nero, impartida por el Instituto Municipal de la Mujer (IMM), con el tema \u201cprincipio de igualdad y no discriminaci\u00f3n\u201d; asimismo en actividades como la realizada por la Asociaci\u00f3n Ver Contigo A.C, en la cual reforzaron el compromiso de generar v\u00edas incluyentes para personas con discapacidad visual.<\/p>\n\n\n\n<p>Jorge Luis Ju\u00e1rez Llanas, director de Protecci\u00f3n Civil y Bomberos, se\u00f1al\u00f3 que esta semana se atendieron 193 servicios por parte de las diferentes estaciones de la corporaci\u00f3n.<\/p>\n\n\n\n<p>Adem\u00e1s, inform\u00f3 sobre las acciones en la coordinaci\u00f3n por las lluvias, como la limpieza de bocas de tormenta y rejillas, desag\u00fces en puntos de anegaci\u00f3n, los servicios de atenci\u00f3n a reportes por \u00e1rboles y cables ca\u00eddos, entre otras.<\/p>\n\n\n\n<p>Asimismo, el funcionario destac\u00f3 las capacitaciones a los elementos de bomberos, a trav\u00e9s de diversos simulacros en empresas y una escuela, para la prevenci\u00f3n de accidentes.<\/p>\n\n\n\n<p>Pablo Fern\u00e1ndez Llamas, director de Inspecci\u00f3n y Verificaci\u00f3n, inform\u00f3 que los principales reportes que recibi\u00f3 la dependencia mediante el sistema 073, fueron por obstrucci\u00f3n en la v\u00eda p\u00fablica, con 7; y veh\u00edculos chatarra, con 10; y 9 por encontrarse en condiciones inadecuadas.<\/p>\n","protected":false},"excerpt":{"rendered":"<p>Torre\u00f3n, Coahuila. A 16 de julio de 2025.- Durante la vig\u00e9sima sexta reuni\u00f3n semanal de seguridad, el alcalde Rom\u00e1n Alberto Cepeda Gonz\u00e1lez solicit\u00f3 a las diferentes corporaciones policiacas reforzar los recorridos de vigilancia en las diferentes escuelas de Torre\u00f3n, para inhibir los robos y da\u00f1os en las instalaciones durante el periodo vacacional de verano. El [&hellip;]<\/p>\n","protected":false},"author":1,"featured_media":22800,"comment_status":"open","ping_status":"open","sticky":false,"template":"","format":"standard","meta":{"_monsterinsights_skip_tracking":false,"_monsterinsights_sitenote_active":false,"_monsterinsights_sitenote_note":"","_monsterinsights_sitenote_category":0,"footnotes":""},"categories":[1],"tags":[],"_links":{"self":[{"href":"https:\/\/zonalimitrofe-cbnr.com\/index.php\/wp-json\/wp\/v2\/posts\/22799"}],"collection":[{"href":"https:\/\/zonalimitrofe-cbnr.com\/index.php\/wp-json\/wp\/v2\/posts"}],"about":[{"href":"https:\/\/zonalimitrofe-cbnr.com\/index.php\/wp-json\/wp\/v2\/types\/post"}],"author":[{"embeddable":true,"href":"https:\/\/zonalimitrofe-cbnr.com\/index.php\/wp-json\/wp\/v2\/users\/1"}],"replies":[{"embeddable":true,"href":"https:\/\/zonalimitrofe-cbnr.com\/index.php\/wp-json\/wp\/v2\/comments?post=22799"}],"version-history":[{"count":1,"href":"https:\/\/zonalimitrofe-cbnr.com\/index.php\/wp-json\/wp\/v2\/posts\/22799\/revisions"}],"predecessor-version":[{"id":22801,"href":"https:\/\/zonalimitrofe-cbnr.com\/index.php\/wp-json\/wp\/v2\/posts\/22799\/revisions\/22801"}],"wp:featuredmedia":[{"embeddable":true,"href":"https:\/\/zonalimitrofe-cbnr.com\/index.php\/wp-json\/wp\/v2\/media\/22800"}],"wp:attachment":[{"href":"https:\/\/zonalimitrofe-cbnr.com\/index.php\/wp-json\/wp\/v2\/media?parent=22799"}],"wp:term":[{"taxonomy":"category","embeddable":true,"href":"https:\/\/zonalimitrofe-cbnr.com\/index.php\/wp-json\/wp\/v2\/categories?post=22799"},{"taxonomy":"post_tag","embeddable":true,"href":"https:\/\/zonalimitrofe-cbnr.com\/index.php\/wp-json\/wp\/v2\/tags?post=22799"}],"curies":[{"name":"wp","href":"https:\/\/api.w.org\/{rel}","templated":true}]}}