{"id":22790,"date":"2025-07-16T15:25:20","date_gmt":"2025-07-16T21:25:20","guid":{"rendered":"https:\/\/zonalimitrofe-cbnr.com\/?p=22790"},"modified":"2025-07-16T15:25:20","modified_gmt":"2025-07-16T21:25:20","slug":"durango-gobierno-del-estado-y-guardia-nacional-fortalecen-la-seguridad-en-durango-con-nuevo-cuartel-estatal","status":"publish","type":"post","link":"https:\/\/zonalimitrofe-cbnr.com\/index.php\/2025\/07\/16\/durango-gobierno-del-estado-y-guardia-nacional-fortalecen-la-seguridad-en-durango-con-nuevo-cuartel-estatal\/","title":{"rendered":"#Durango. Gobierno del Estado y Guardia Nacional fortalecen la seguridad en Durango con nuevo cuartel estatal*"},"content":{"rendered":"\n<ul>\n<li><em>Estado se mantiene entre los m\u00e1s seguros del pa\u00eds gracias al trabajo conjunto con la Guardia Nacional y el Ej\u00e9rcito Mexicano.<\/em><\/li>\n\n\n\n<li><em>Nuevo cuartel permitir\u00e1 operaciones permanentes y mayor presencia territorial.<\/em><\/li>\n<\/ul>\n\n\n\n<p>El gobernador Esteban Villegas Villarreal junto al General de Brigada Diplomado de Estado Mayor, Gerardo Serna Melchor, Coordinador Territorial de la Guardia Nacional Regi\u00f3n Centro Norte, encabezaron la inauguraci\u00f3n del nuevo Predio de la Coordinaci\u00f3n Estatal de la Guardia Nacional en Durango, \u201cMiguel Hidalgo\u201d, una sede estrat\u00e9gica que consolida la presencia permanente de esta corporaci\u00f3n y refuerza la estrategia de seguridad en el estado. Este cuartel es uno de los cinco primeros en su tipo a nivel nacional y permitir\u00e1 mejorar la operatividad, log\u00edstica y respuesta en todo el territorio duranguense.<\/p>\n\n\n\n<p>\u201cDurango se mantiene como el tercer estado m\u00e1s pac\u00edfico del pa\u00eds y con menor percepci\u00f3n de inseguridad, adem\u00e1s de ocupar el segundo lugar con menos homicidios dolosos, gracias a la coordinaci\u00f3n efectiva entre la Guardia Nacional, el Ej\u00e9rcito Mexicano y el Gobierno del Estado\u201d, destac\u00f3 el mandatario estatal.<\/p>\n\n\n\n<p>Con esta nueva sede, los elementos de la Guardia Nacional estar\u00e1n de planta en Durango, con capacidad para atender operaciones de manera permanente y en coordinaci\u00f3n con las autoridades locales. \u201cEste cuartel permite que ya puedan operar desde aqu\u00ed y atender directamente las necesidades de seguridad del estado\u201d, expres\u00f3 Villegas Villarreal.<\/p>\n\n\n\n<p>La Guardia Nacional cuenta con 140 mil elementos en todo el pa\u00eds y ha sido elevada a rango de disciplina militar, bajo el mando operativo de la Secretar\u00eda de la Defensa Nacional, con respaldo del Ej\u00e9rcito, la Marina y el Gobierno de la Rep\u00fablica. \u201cGracias a su presencia, Durango se mantiene como una de las entidades m\u00e1s seguras\u201d, agreg\u00f3 el gobernador.<\/p>\n\n\n\n<p>Durante su mensaje, Villegas Villarreal reiter\u00f3 su compromiso con las fuerzas armadas y con la tranquilidad de las familias duranguenses: \u201cSiempre tendr\u00e1n una mano amiga dispuesta a hacer lo que haga falta por mantener la seguridad de lo que m\u00e1s queremos: nuestros hijos y nuestras familias. Larga vida al Ej\u00e9rcito Mexicano y a la Guardia Nacional\u201d.<\/p>\n\n\n\n<p>El General de Brigada Gerardo Serna Melchor, que es el coordinador territorial de la Guardia Nacional en la Regi\u00f3n Centro-Norte, afirm\u00f3 que este cuartel representa el firme compromiso con la paz y la seguridad, y forma parte del segundo eje de la estrategia nacional para consolidar a la Guardia Nacional en el pa\u00eds.<\/p>\n\n\n\n<p>El nuevo cuartel de la Coordinaci\u00f3n Estatal contar\u00e1 con un batall\u00f3n de la Guardia Nacional, una coordinaci\u00f3n de secciones de seguridad, seis estaciones y nueve compa\u00f1\u00edas distribuidas en puntos estrat\u00e9gicos del estado, con el objetivo de fortalecer la cobertura territorial y apoyar a las corporaciones locales.<\/p>\n\n\n\n<p>Durante el recorrido por las instalaciones de este predio, acompa\u00f1aron al Gobernador, el General de Divisi\u00f3n de Estado Mayor, Guillermo Brice\u00f1o Lobera, Comandante de la Tercera Regi\u00f3n Militar; el General Brigadier del Estado Mayor, Alfredo Montiel God\u00ednez, coordinador Estatal de la Guardia Nacional en el estado, H\u00e9ctor Vela Valenzuela, secretario de Gobierno, Sonia Yadira de la Garza Fragoso, Fiscal General del Estado, Bonifacio Herrera Rivera, presidente Municipal, H\u00e9ctor Herrera N\u00fa\u00f1ez, presidente del Congreso del Estado; el General de Brigada del Estado Mayor, Salvador Alvarado Ram\u00edrez, V\u00edctor Fernando Ruiz M\u00e9ndez, Fiscal Federal del Estado; \u00c1ngel Gerardo Bonilla Saucedo, presidente del Tribunal Superior de Justicia, y \u00d3scar Galv\u00e1n Villarreal, secretario de Seguridad P\u00fablica.<\/p>\n","protected":false},"excerpt":{"rendered":"<p>El gobernador Esteban Villegas Villarreal junto al General de Brigada Diplomado de Estado Mayor, Gerardo Serna Melchor, Coordinador Territorial de la Guardia Nacional Regi\u00f3n Centro Norte, encabezaron la inauguraci\u00f3n del nuevo Predio de la Coordinaci\u00f3n Estatal de la Guardia Nacional en Durango, \u201cMiguel Hidalgo\u201d, una sede estrat\u00e9gica que consolida la presencia permanente de esta corporaci\u00f3n [&hellip;]<\/p>\n","protected":false},"author":1,"featured_media":22791,"comment_status":"open","ping_status":"open","sticky":false,"template":"","format":"standard","meta":{"_monsterinsights_skip_tracking":false,"_monsterinsights_sitenote_active":false,"_monsterinsights_sitenote_note":"","_monsterinsights_sitenote_category":0,"footnotes":""},"categories":[1],"tags":[],"_links":{"self":[{"href":"https:\/\/zonalimitrofe-cbnr.com\/index.php\/wp-json\/wp\/v2\/posts\/22790"}],"collection":[{"href":"https:\/\/zonalimitrofe-cbnr.com\/index.php\/wp-json\/wp\/v2\/posts"}],"about":[{"href":"https:\/\/zonalimitrofe-cbnr.com\/index.php\/wp-json\/wp\/v2\/types\/post"}],"author":[{"embeddable":true,"href":"https:\/\/zonalimitrofe-cbnr.com\/index.php\/wp-json\/wp\/v2\/users\/1"}],"replies":[{"embeddable":true,"href":"https:\/\/zonalimitrofe-cbnr.com\/index.php\/wp-json\/wp\/v2\/comments?post=22790"}],"version-history":[{"count":1,"href":"https:\/\/zonalimitrofe-cbnr.com\/index.php\/wp-json\/wp\/v2\/posts\/22790\/revisions"}],"predecessor-version":[{"id":22792,"href":"https:\/\/zonalimitrofe-cbnr.com\/index.php\/wp-json\/wp\/v2\/posts\/22790\/revisions\/22792"}],"wp:featuredmedia":[{"embeddable":true,"href":"https:\/\/zonalimitrofe-cbnr.com\/index.php\/wp-json\/wp\/v2\/media\/22791"}],"wp:attachment":[{"href":"https:\/\/zonalimitrofe-cbnr.com\/index.php\/wp-json\/wp\/v2\/media?parent=22790"}],"wp:term":[{"taxonomy":"category","embeddable":true,"href":"https:\/\/zonalimitrofe-cbnr.com\/index.php\/wp-json\/wp\/v2\/categories?post=22790"},{"taxonomy":"post_tag","embeddable":true,"href":"https:\/\/zonalimitrofe-cbnr.com\/index.php\/wp-json\/wp\/v2\/tags?post=22790"}],"curies":[{"name":"wp","href":"https:\/\/api.w.org\/{rel}","templated":true}]}}