{"id":22787,"date":"2025-07-16T15:21:13","date_gmt":"2025-07-16T21:21:13","guid":{"rendered":"https:\/\/zonalimitrofe-cbnr.com\/?p=22787"},"modified":"2025-07-16T15:21:13","modified_gmt":"2025-07-16T21:21:13","slug":"gp-acerca-prodem-atencion-integral-a-mujeres-del-ejido-la-luz-con-unidad-movil","status":"publish","type":"post","link":"https:\/\/zonalimitrofe-cbnr.com\/index.php\/2025\/07\/16\/gp-acerca-prodem-atencion-integral-a-mujeres-del-ejido-la-luz-con-unidad-movil\/","title":{"rendered":"#GP. Acerca PRODEM atenci\u00f3n integral a mujeres del Ejido La Luz con Unidad M\u00f3vil*"},"content":{"rendered":"\n<p>Con el objetivo de acercar servicios de atenci\u00f3n integral a mujeres de comunidades rurales, el Ayuntamiento de G\u00f3mez Palacio, a trav\u00e9s del Instituto Municipal de la Mujer (IMM), llev\u00f3 la Unidad M\u00f3vil de la Procuradur\u00eda de la Defensa de la Mujer (PRODEM) al Ejido La Luz, donde se brind\u00f3 atenci\u00f3n gratuita a mujeres de la comunidad.<\/p>\n\n\n\n<p>Hillary Bueno Flores, titular de la PRODEM, inform\u00f3 que la jornada se llev\u00f3 a cabo en las instalaciones de la Telesecundaria No. 255, donde se habilit\u00f3 un espacio para la instalaci\u00f3n del m\u00f3dulo m\u00f3vil. En este punto, personal especializado ofreci\u00f3 asesor\u00eda legal y atenci\u00f3n psicol\u00f3gica a las mujeres que acudieron en busca de orientaci\u00f3n, con el prop\u00f3sito de empoderarlas y fortalecer su bienestar personal, familiar y social.<\/p>\n\n\n\n<p>\u201cEl Ayuntamiento de G\u00f3mez Palacio, bajo el liderazgo de la Presidenta Municipal Leticia Herrera Ale, mantiene su compromiso firme de promover entornos seguros, libres de violencia y con igualdad de oportunidades para todas las mujeres del municipio\u201d, expres\u00f3 Bueno Flores.<\/p>\n\n\n\n<p>Destac\u00f3 que un n\u00famero importante de mujeres, en su mayor\u00eda madres de familia, as\u00ed como alumnas de la instituci\u00f3n educativa, accedieron a los servicios que ofrece este modelo itinerante, el cual ha demostrado ser una herramienta eficaz para llevar el respaldo institucional a quienes m\u00e1s lo necesitan.<\/p>\n\n\n\n<p>Estas acciones reafirman el compromiso del Gobierno Municipal de garantizar el acceso equitativo a la justicia y a la atenci\u00f3n psicol\u00f3gica, sin importar la ubicaci\u00f3n geogr\u00e1fica. La presencia constante de la PRODEM en las zonas rurales fortalece el tejido social y genera confianza en las instituciones que trabajan por el bienestar de las mujeres gomezpalatinas.<\/p>\n","protected":false},"excerpt":{"rendered":"<p>Con el objetivo de acercar servicios de atenci\u00f3n integral a mujeres de comunidades rurales, el Ayuntamiento de G\u00f3mez Palacio, a trav\u00e9s del Instituto Municipal de la Mujer (IMM), llev\u00f3 la Unidad M\u00f3vil de la Procuradur\u00eda de la Defensa de la Mujer (PRODEM) al Ejido La Luz, donde se brind\u00f3 atenci\u00f3n gratuita a mujeres de la [&hellip;]<\/p>\n","protected":false},"author":1,"featured_media":22788,"comment_status":"open","ping_status":"open","sticky":false,"template":"","format":"standard","meta":{"_monsterinsights_skip_tracking":false,"_monsterinsights_sitenote_active":false,"_monsterinsights_sitenote_note":"","_monsterinsights_sitenote_category":0,"footnotes":""},"categories":[1],"tags":[],"_links":{"self":[{"href":"https:\/\/zonalimitrofe-cbnr.com\/index.php\/wp-json\/wp\/v2\/posts\/22787"}],"collection":[{"href":"https:\/\/zonalimitrofe-cbnr.com\/index.php\/wp-json\/wp\/v2\/posts"}],"about":[{"href":"https:\/\/zonalimitrofe-cbnr.com\/index.php\/wp-json\/wp\/v2\/types\/post"}],"author":[{"embeddable":true,"href":"https:\/\/zonalimitrofe-cbnr.com\/index.php\/wp-json\/wp\/v2\/users\/1"}],"replies":[{"embeddable":true,"href":"https:\/\/zonalimitrofe-cbnr.com\/index.php\/wp-json\/wp\/v2\/comments?post=22787"}],"version-history":[{"count":1,"href":"https:\/\/zonalimitrofe-cbnr.com\/index.php\/wp-json\/wp\/v2\/posts\/22787\/revisions"}],"predecessor-version":[{"id":22789,"href":"https:\/\/zonalimitrofe-cbnr.com\/index.php\/wp-json\/wp\/v2\/posts\/22787\/revisions\/22789"}],"wp:featuredmedia":[{"embeddable":true,"href":"https:\/\/zonalimitrofe-cbnr.com\/index.php\/wp-json\/wp\/v2\/media\/22788"}],"wp:attachment":[{"href":"https:\/\/zonalimitrofe-cbnr.com\/index.php\/wp-json\/wp\/v2\/media?parent=22787"}],"wp:term":[{"taxonomy":"category","embeddable":true,"href":"https:\/\/zonalimitrofe-cbnr.com\/index.php\/wp-json\/wp\/v2\/categories?post=22787"},{"taxonomy":"post_tag","embeddable":true,"href":"https:\/\/zonalimitrofe-cbnr.com\/index.php\/wp-json\/wp\/v2\/tags?post=22787"}],"curies":[{"name":"wp","href":"https:\/\/api.w.org\/{rel}","templated":true}]}}