{"id":22784,"date":"2025-07-16T15:19:09","date_gmt":"2025-07-16T21:19:09","guid":{"rendered":"https:\/\/zonalimitrofe-cbnr.com\/?p=22784"},"modified":"2025-07-16T15:19:09","modified_gmt":"2025-07-16T21:19:09","slug":"torreon-roman-alberto-cepeda-gonzalez-arranca-en-torreon-el-programa-de-regaderas-ecologicas-ahorrate-un-chorro","status":"publish","type":"post","link":"https:\/\/zonalimitrofe-cbnr.com\/index.php\/2025\/07\/16\/torreon-roman-alberto-cepeda-gonzalez-arranca-en-torreon-el-programa-de-regaderas-ecologicas-ahorrate-un-chorro\/","title":{"rendered":"#Torre\u00f3n. Rom\u00e1n Alberto Cepeda Gonz\u00e1lez arranca en Torre\u00f3n el programa de regaderas ecol\u00f3gicas \u201cAh\u00f3rrate un chorro\u201d"},"content":{"rendered":"\n<p>Torre\u00f3n, Coahuila. A 16 de julio de 2025<\/p>\n\n\n\n<p>Este mi\u00e9rcoles, el alcalde Rom\u00e1n Alberto Cepeda Gonz\u00e1lez arranc\u00f3 en el fraccionamiento Jardines del Sol, el programa de donaci\u00f3n de regaderas ecol\u00f3gicas \u201cAh\u00f3rrate un Chorro\u201d, implementado en conjunto con el Gobierno del Estado y la empresa Arca Continental.<\/p>\n\n\n\n<p>La iniciativa busca promover el ahorro del agua a trav\u00e9s de la entrega de regaderas ecol\u00f3gicas. En Torre\u00f3n se repartir\u00e1n 10 mil unidades.<\/p>\n\n\n\n<p>En su mensaje, el Presidente Municipal agradeci\u00f3 la confianza que le han otorgado los habitantes de Torre\u00f3n, la cual dijo, se regresa con trabajo, con resultados, con compromiso y con responsabilidad.<\/p>\n\n\n\n<p>\u201cTodo Torre\u00f3n nos ocupa y nos preocupa, llevamos m\u00e1s de 450 plazas y espacios p\u00fablicos rehabilitados, construidas m\u00e1s de 70 plazas nuevas y no nos vamos a detener, con el programa de \u201c100 plazas de cero al 100\u201d que junto con el Gobernador Manolo Jim\u00e9nez este a\u00f1o ser\u00e1n m\u00e1s de 550 y vamos a seguir trabajando\u201d, asegur\u00f3.<\/p>\n\n\n\n<p>Adem\u00e1s, dijo que continuar\u00e1n las acciones para que haya m\u00e1s y mejor presi\u00f3n de agua en los hogares, y el trabajo conjunto con la sociedad civil para darle un uso responsable.<\/p>\n\n\n\n<p>En ese sentido, Cepeda Gonz\u00e1lez manifest\u00f3 la importancia de trabajar con todos los \u00f3rdenes de Gobierno, la Iniciativa Privada y la sociedad civil, en todos los aspectos como es por ejemplo la seguridad.<\/p>\n\n\n\n<p>\u201cEl trabajo coordinado con empresarios, sociedad civil, y los \u00f3rdenes de gobierno es lo \u00fanico que nos puede generar una certeza para que hoy Torre\u00f3n sea la cuarta ciudad m\u00e1s segura del pa\u00eds, y Coahuila el estado n\u00famero uno m\u00e1s seguro del pa\u00eds, y eso lo construimos todos\u201d, reiter\u00f3.<\/p>\n\n\n\n<p>El Alcalde reafirm\u00f3 a los habitantes de Jardines del Sol que todos los sectores de Torre\u00f3n son importantes, y en todos se est\u00e1 trabajando para que tengan acceso a los programas de cultura, apoyos sociales, a plazas p\u00fablicas dignas para que las familias pueden hacer comunidad.<\/p>\n\n\n\n<p>Respecto al programa \u201cAh\u00f3rrate un Chorro\u201d, en el que se entregar\u00e1n 10 mil regaderas en las diferentes colonias de Torre\u00f3n, resalt\u00f3 que es importante cuidar el agua y que esa es una tarea de todos.<\/p>\n\n\n\n<p>\u201cEs una labor compartida el que podamos construir juntos el Torre\u00f3n que todos queremos, un Torre\u00f3n para siempre, y que desde aqu\u00ed podamos mandar un mensaje de que somos parte de un gran Estado en el que s\u00ed se puede tener agua, s\u00ed se puede cuidar el agua, s\u00ed se puede tener seguridad, orden, trabajo, cultura, ir a ense\u00f1ar o a educarse, ir a trabajar o a pedir trabajo, y eso es gracias a un trabajo coordinado entre el Estado, el Municipio, empresarios, trabajadores, y la sociedad civil\u201d, se\u00f1al\u00f3 el edil.<\/p>\n\n\n\n<p>Por su parte, Mar\u00eda B\u00e1rbara Cepeda Boehringer, secretaria de Vinculaci\u00f3n Ciudadana, Proyectos de Innovaci\u00f3n Social e Inversi\u00f3n P\u00fablico Productiva, dijo que Coahuila es uno de los estados m\u00e1s seguros de M\u00e9xico y que con las condiciones de paz, estabilidad, y desarrollo social, es uno de los mejores lugares en el pa\u00eds para crecer, para vivir y para invertir.<\/p>\n\n\n\n<p>\u201cEl esfuerzo que hoy hacemos en conjunto con Arca Continental, el Municipio de Torre\u00f3n y el Gobierno del Estado para entregar 10 mil regaderas ecol\u00f3gicas vendr\u00e1 a beneficiar a las familias de esta ciudad. Con cada una se obtiene un ahorro del 60 por ciento en el consumo dom\u00e9stico y reduce significativamente la demanda del suministro del agua\u201d, indic\u00f3.<\/p>\n\n\n\n<p>Luis Fernando G\u00f3mez Gonz\u00e1lez, gerente de ventas de Arca Continental, detall\u00f3 que la iniciativa refleja el compromiso de la empresa con el desarrollo sostenible y cuidado del agua, as\u00ed como con el bienestar de las familias.<\/p>\n\n\n\n<p>Dijo que esta acci\u00f3n es el resultado de una s\u00f3lida colaboraci\u00f3n entre el Gobierno del Estado, el Gobierno Municipal, la industria mexicana Coca-Cola y Arca Continental, y explic\u00f3 que cada una de las regaderas est\u00e1 avalada por Conagua en un grado ecol\u00f3gico y representa un ahorro real.<\/p>\n\n\n\n<p>A nombre de las beneficiarias, Emma Robledo Mart\u00ednez, agardeci\u00f3 al Alcalde y al Gobierno del Estado y Arca Continental por la coordinaci\u00f3n en beneficio de las familias de Torre\u00f3n.<\/p>\n\n\n\n<p>Estuvieron tambi\u00e9n presentes: Olivia Mart\u00ednez Leyva, diputada local; Felipe Gonz\u00e1lez Miranda, diputado local; Roberto Escalante Gonz\u00e1lez, gerente general de SIMAS Torre\u00f3n; Fernando Villarreal Cu\u00e9llar, director de Servicios P\u00fablicos; Omar Morales Rodr\u00edguez, regidor y coordinador en sector; Juan Carlos Aguado gerente de asuntos p\u00fablicos, comunicaci\u00f3n y sostenibilidad de Arca Continental; Ren\u00e9 Alejandro S\u00e1nchez Arroyo, gerente de producci\u00f3n de Arca Continental.<\/p>\n","protected":false},"excerpt":{"rendered":"<p>Torre\u00f3n, Coahuila. A 16 de julio de 2025 Este mi\u00e9rcoles, el alcalde Rom\u00e1n Alberto Cepeda Gonz\u00e1lez arranc\u00f3 en el fraccionamiento Jardines del Sol, el programa de donaci\u00f3n de regaderas ecol\u00f3gicas \u201cAh\u00f3rrate un Chorro\u201d, implementado en conjunto con el Gobierno del Estado y la empresa Arca Continental. La iniciativa busca promover el ahorro del agua a [&hellip;]<\/p>\n","protected":false},"author":1,"featured_media":22785,"comment_status":"open","ping_status":"open","sticky":false,"template":"","format":"standard","meta":{"_monsterinsights_skip_tracking":false,"_monsterinsights_sitenote_active":false,"_monsterinsights_sitenote_note":"","_monsterinsights_sitenote_category":0,"footnotes":""},"categories":[1],"tags":[],"_links":{"self":[{"href":"https:\/\/zonalimitrofe-cbnr.com\/index.php\/wp-json\/wp\/v2\/posts\/22784"}],"collection":[{"href":"https:\/\/zonalimitrofe-cbnr.com\/index.php\/wp-json\/wp\/v2\/posts"}],"about":[{"href":"https:\/\/zonalimitrofe-cbnr.com\/index.php\/wp-json\/wp\/v2\/types\/post"}],"author":[{"embeddable":true,"href":"https:\/\/zonalimitrofe-cbnr.com\/index.php\/wp-json\/wp\/v2\/users\/1"}],"replies":[{"embeddable":true,"href":"https:\/\/zonalimitrofe-cbnr.com\/index.php\/wp-json\/wp\/v2\/comments?post=22784"}],"version-history":[{"count":1,"href":"https:\/\/zonalimitrofe-cbnr.com\/index.php\/wp-json\/wp\/v2\/posts\/22784\/revisions"}],"predecessor-version":[{"id":22786,"href":"https:\/\/zonalimitrofe-cbnr.com\/index.php\/wp-json\/wp\/v2\/posts\/22784\/revisions\/22786"}],"wp:featuredmedia":[{"embeddable":true,"href":"https:\/\/zonalimitrofe-cbnr.com\/index.php\/wp-json\/wp\/v2\/media\/22785"}],"wp:attachment":[{"href":"https:\/\/zonalimitrofe-cbnr.com\/index.php\/wp-json\/wp\/v2\/media?parent=22784"}],"wp:term":[{"taxonomy":"category","embeddable":true,"href":"https:\/\/zonalimitrofe-cbnr.com\/index.php\/wp-json\/wp\/v2\/categories?post=22784"},{"taxonomy":"post_tag","embeddable":true,"href":"https:\/\/zonalimitrofe-cbnr.com\/index.php\/wp-json\/wp\/v2\/tags?post=22784"}],"curies":[{"name":"wp","href":"https:\/\/api.w.org\/{rel}","templated":true}]}}