{"id":22768,"date":"2025-07-15T17:36:09","date_gmt":"2025-07-15T23:36:09","guid":{"rendered":"https:\/\/zonalimitrofe-cbnr.com\/?p=22768"},"modified":"2025-07-15T17:36:09","modified_gmt":"2025-07-15T23:36:09","slug":"durango-esteban-garantiza-uniformes-utiles-y-libros-para-todos-los-alumnos-de-durango-en-el-regreso-a-clases","status":"publish","type":"post","link":"https:\/\/zonalimitrofe-cbnr.com\/index.php\/2025\/07\/15\/durango-esteban-garantiza-uniformes-utiles-y-libros-para-todos-los-alumnos-de-durango-en-el-regreso-a-clases\/","title":{"rendered":"#Durango. Esteban garantiza uniformes, \u00fatiles y libros para todos los alumnos de Durango en el regreso a clases*"},"content":{"rendered":"\n<ul>\n<li><em>Gobernador supervisa bodega estatal y confirma que todo estar\u00e1 listo para la distribuci\u00f3n.<\/em><\/li>\n\n\n\n<li><em>Se entregar\u00e1n 370,000 uniformes, 210,000 paquetes escolares y m\u00e1s de 2.5 millones de libros.<\/em><\/li>\n\n\n\n<li><em>Tambi\u00e9n se prepararon 2,700 uniformes tradicionales para ni\u00f1as y ni\u00f1os de pueblos originarios.<\/em><\/li>\n<\/ul>\n\n\n\n<p>El gobernador Esteban Villegas Villarreal supervis\u00f3 la bodega estatal donde se almacenan los uniformes, \u00fatiles escolares y libros de texto que ser\u00e1n distribuidos de manera gratuita antes del arranque del nuevo ciclo escolar. El objetivo es claro: garantizar que todas y todos los alumnos de preescolar, primaria y secundaria inicien clases con su paquete completo, sin excepci\u00f3n, el 1 de septiembre.<\/p>\n\n\n\n<p>Se entregar\u00e1n 370,000 uniformes deportivos, 210,490 paquetes de \u00fatiles escolares para primaria y 4,214 para preescolar, adem\u00e1s de m\u00e1s de 2.5 millones de libros de texto gratuito. Para ni\u00f1as y ni\u00f1os de comunidades ind\u00edgenas, se prepararon 2,700 uniformes tradicionales, adaptados a las caracter\u00edsticas de ocho distintas etnias que habitan en municipios como S\u00fachil, Pueblo Nuevo y Mezquital.<\/p>\n\n\n\n<p>\u201cEste no es solo un compromiso cumplido; es un acto de justicia. Que todos los ni\u00f1os entren al sal\u00f3n con el mismo uniforme, libro y cuaderno, les da confianza, dignidad y la posibilidad de so\u00f1ar en grande\u201d, afirm\u00f3 el mandatario estatal.<\/p>\n\n\n\n<p>Esteban explic\u00f3 que entre el 15 y el 18 de agosto comenzar\u00e1 la distribuci\u00f3n en todo el estado, para lograr una entrega simult\u00e1nea el primer d\u00eda de clases. Subray\u00f3 que esta estrategia no solo representa un ahorro para las familias, sino que fortalece la equidad y la inclusi\u00f3n.<\/p>\n\n\n\n<p>Ricardo Morales Corral, subsecretario de Administraci\u00f3n y Planeaci\u00f3n de la Secretar\u00eda de Educaci\u00f3n, inform\u00f3 que los materiales est\u00e1n listos en centros log\u00edsticos de Durango y La Laguna, y que se trabaja con los Servicios Regionales para lograr una entrega ordenada y puntual.<\/p>\n\n\n\n<p>Tambi\u00e9n particip\u00f3 en el recorrido Rodrigo Meza, director de Servicios Regionales, quien destac\u00f3 el trabajo coordinado con distintas dependencias para cumplir con el calendario.<\/p>\n\n\n\n<p>Con esta acci\u00f3n, el Gobierno del Estado reafirma que la igualdad en el acceso a la educaci\u00f3n comienza desde el primer d\u00eda de clases.<\/p>\n","protected":false},"excerpt":{"rendered":"<p>El gobernador Esteban Villegas Villarreal supervis\u00f3 la bodega estatal donde se almacenan los uniformes, \u00fatiles escolares y libros de texto que ser\u00e1n distribuidos de manera gratuita antes del arranque del nuevo ciclo escolar. El objetivo es claro: garantizar que todas y todos los alumnos de preescolar, primaria y secundaria inicien clases con su paquete completo, [&hellip;]<\/p>\n","protected":false},"author":1,"featured_media":22769,"comment_status":"open","ping_status":"open","sticky":false,"template":"","format":"standard","meta":{"_monsterinsights_skip_tracking":false,"_monsterinsights_sitenote_active":false,"_monsterinsights_sitenote_note":"","_monsterinsights_sitenote_category":0,"footnotes":""},"categories":[1],"tags":[],"_links":{"self":[{"href":"https:\/\/zonalimitrofe-cbnr.com\/index.php\/wp-json\/wp\/v2\/posts\/22768"}],"collection":[{"href":"https:\/\/zonalimitrofe-cbnr.com\/index.php\/wp-json\/wp\/v2\/posts"}],"about":[{"href":"https:\/\/zonalimitrofe-cbnr.com\/index.php\/wp-json\/wp\/v2\/types\/post"}],"author":[{"embeddable":true,"href":"https:\/\/zonalimitrofe-cbnr.com\/index.php\/wp-json\/wp\/v2\/users\/1"}],"replies":[{"embeddable":true,"href":"https:\/\/zonalimitrofe-cbnr.com\/index.php\/wp-json\/wp\/v2\/comments?post=22768"}],"version-history":[{"count":1,"href":"https:\/\/zonalimitrofe-cbnr.com\/index.php\/wp-json\/wp\/v2\/posts\/22768\/revisions"}],"predecessor-version":[{"id":22770,"href":"https:\/\/zonalimitrofe-cbnr.com\/index.php\/wp-json\/wp\/v2\/posts\/22768\/revisions\/22770"}],"wp:featuredmedia":[{"embeddable":true,"href":"https:\/\/zonalimitrofe-cbnr.com\/index.php\/wp-json\/wp\/v2\/media\/22769"}],"wp:attachment":[{"href":"https:\/\/zonalimitrofe-cbnr.com\/index.php\/wp-json\/wp\/v2\/media?parent=22768"}],"wp:term":[{"taxonomy":"category","embeddable":true,"href":"https:\/\/zonalimitrofe-cbnr.com\/index.php\/wp-json\/wp\/v2\/categories?post=22768"},{"taxonomy":"post_tag","embeddable":true,"href":"https:\/\/zonalimitrofe-cbnr.com\/index.php\/wp-json\/wp\/v2\/tags?post=22768"}],"curies":[{"name":"wp","href":"https:\/\/api.w.org\/{rel}","templated":true}]}}